{"id":32737,"date":"2022-01-03T22:16:02","date_gmt":"2022-01-03T22:16:02","guid":{"rendered":"http:\/\/vocesver.com\/noticias\/?p=32737"},"modified":"2022-01-03T22:17:48","modified_gmt":"2022-01-03T22:17:48","slug":"se-forman-largas-filas-para-pagar-el-predial-en-veracruz","status":"publish","type":"post","link":"http:\/\/vocesver.com\/noticias\/se-forman-largas-filas-para-pagar-el-predial-en-veracruz\/","title":{"rendered":"SE FORMAN LARGAS FILAS PARA PAGAR EL PREDIAL EN VERACRUZ."},"content":{"rendered":"\n<p><br>REDACCION\/VOCESVER.COM\/NOTICIAS<br><br>Veracruz,Ver.- a 03 de Enero 2022.\u2014Este lunes se formar\u00f3n largas filas en las afueras del ayuntamiento de Veracruz de gente que acudi\u00f3 a pagar el predial aprovechando las facilidades que les est\u00e1n otorgando la actual autoridad municipal. Foto Ausencio RIVERA\u2026<br><br><br><br><br><br><br><br><br><br><br><br><br><br><br><br><br><br><br><br><br><br><br><br><\/p>\n","protected":false},"excerpt":{"rendered":"<p>REDACCION\/VOCESVER.COM\/NOTICIAS Veracruz,Ver.- a 03 de Enero 2022.\u2014Este lunes se formar\u00f3n largas filas en las afueras del ayuntamiento de Veracruz de<\/p>\n","protected":false},"author":2,"featured_media":32744,"comment_status":"open","ping_status":"open","sticky":false,"template":"","format":"standard","meta":{"colormag_page_container_layout":"default_layout","colormag_page_sidebar_layout":"default_layout","footnotes":""},"categories":[2],"tags":[],"class_list":["post-32737","post","type-post","status-publish","format-standard","has-post-thumbnail","hentry","category-infogral"],"_links":{"self":[{"href":"http:\/\/vocesver.com\/noticias\/wp-json\/wp\/v2\/posts\/32737","targetHints":{"allow":["GET"]}}],"collection":[{"href":"http:\/\/vocesver.com\/noticias\/wp-json\/wp\/v2\/posts"}],"about":[{"href":"http:\/\/vocesver.com\/noticias\/wp-json\/wp\/v2\/types\/post"}],"author":[{"embeddable":true,"href":"http:\/\/vocesver.com\/noticias\/wp-json\/wp\/v2\/users\/2"}],"replies":[{"embeddable":true,"href":"http:\/\/vocesver.com\/noticias\/wp-json\/wp\/v2\/comments?post=32737"}],"version-history":[{"count":2,"href":"http:\/\/vocesver.com\/noticias\/wp-json\/wp\/v2\/posts\/32737\/revisions"}],"predecessor-version":[{"id":32743,"href":"http:\/\/vocesver.com\/noticias\/wp-json\/wp\/v2\/posts\/32737\/revisions\/32743"}],"wp:featuredmedia":[{"embeddable":true,"href":"http:\/\/vocesver.com\/noticias\/wp-json\/wp\/v2\/media\/32744"}],"wp:attachment":[{"href":"http:\/\/vocesver.com\/noticias\/wp-json\/wp\/v2\/media?parent=32737"}],"wp:term":[{"taxonomy":"category","embeddable":true,"href":"http:\/\/vocesver.com\/noticias\/wp-json\/wp\/v2\/categories?post=32737"},{"taxonomy":"post_tag","embeddable":true,"href":"http:\/\/vocesver.com\/noticias\/wp-json\/wp\/v2\/tags?post=32737"}],"curies":[{"name":"wp","href":"https:\/\/api.w.org\/{rel}","templated":true}]}}