{"id":32732,"date":"2022-01-03T22:02:33","date_gmt":"2022-01-03T22:02:33","guid":{"rendered":"http:\/\/vocesver.com\/noticias\/?p=32732"},"modified":"2022-01-03T22:03:28","modified_gmt":"2022-01-03T22:03:28","slug":"aumento-de-22-al-minimo-servira-de-base-para-que-sindicato-de-limpia-inicie-negociaciones-con-ayuntamiento-de-veracruzbaxzi-mata","status":"publish","type":"post","link":"http:\/\/vocesver.com\/noticias\/aumento-de-22-al-minimo-servira-de-base-para-que-sindicato-de-limpia-inicie-negociaciones-con-ayuntamiento-de-veracruzbaxzi-mata\/","title":{"rendered":"AUMENTO DE 22 % AL MINIMO SERVIR\u00c1 DE BASE PARA QUE SINDICATO  DE LIMPIA INICIE NEGOCIACIONES CON AYUNTAMIENTO DE VERACRUZ:BAXZI MATA."},"content":{"rendered":"\n<p>\u00b0En su revisi\u00f3n contractual y salarial correspondiente a  este a\u00f1o. <\/p>\n\n\n\n<p>\u00b0Se entrevist\u00f3 con la actual alcaldesa Patricia Lobeira de Yunes.<br><\/p>\n\n\n\n<p>AUSENCIO RIVERA\/VOCESVER.COM\/NOTICIAS<br><\/p>\n\n\n\n<p>Veracruz,Ver. A 03 de Enero 2022.- Con la entrada en vigor del 22 por ciento de incremento al salario m\u00ednimo, el Sindicato de Trabajadores de la Limpia P\u00fablica del Puerto de Veracruz ya tiene una base para iniciar las negociaciones con el Ayuntamiento de Veracruz en su revisi\u00f3n contractual y salarial correspondiente a este a\u00f1o.<br>Lo anterior lo se\u00f1al\u00f3 Antonino Baxzi Mata secretario general de esta organizaci\u00f3n que aglutina a m\u00e1s de mil trabajadores sindicalizados y de confianza.<br>Entrevistado momentos antes de reunirse con la actual alcaldesa de este municipio Paty Lobeira de Yunes, el dirigente sindical dijo que ya se trabaja en la revisi\u00f3n salarial y en su momento estar\u00e9mos depositando el pliego petitorio al Ayuntamiento.<br>Aunque no, nos gusta emplazar a huelga al Ayuntamiento, este es un derecho que nosotros tenemos como sindicato dijo el l\u00edder sindical.<br>Al preguntarle de cu\u00e1nto ser\u00e1 el incremento que se solicitar\u00e1 para los trabajadores, el entrevistado dijo vamos a ver de cuanto es en base al incremento del 22 % que se otorg\u00f3 al salario m\u00ednimo para este a\u00f1o. <br>Adem\u00e1s de solicitar un incremento salarial justo, tambi\u00e9n vamos a negociar con la actual alcaldesa mejorar algunas prestaciones de nuestros compa\u00f1eros. <br>Reconoci\u00f3 que afortunadamente se ve que hay buena disposici\u00f3n de la actual administraci\u00f3n municipal para mejorar los sueldos y prestaciones de la clase trabajadora.<br>Como muestra de esa disposici\u00f3n hoy la presidenta municipal nos recibi\u00f3 inmediatamente y nos atendi\u00f3 de buen modo en lo que podr\u00eda ser su primer d\u00eda de actividades. <br>Asimismo la presidenta municipal \u201cnos agradeci\u00f3 que el d\u00eda \u00faltimo del a\u00f1o  y primero del a\u00f1o nuestros compa\u00f1eros estuvieron trabajando para mantener la Ciudad limpia y que los visitantes se llevar\u00e1n una buena impresi\u00f3n de los veracruzanos\u201d. <br><br><br><br><br><br><br><br><br><br><br><br><br><br><br><br><br><br><br><br><br><br><br><br><br><br><br><br><br><br><br><br><br><br><\/p>\n","protected":false},"excerpt":{"rendered":"<p>\u00b0En su revisi\u00f3n contractual y salarial correspondiente a este a\u00f1o. \u00b0Se entrevist\u00f3 con la actual alcaldesa Patricia Lobeira de Yunes.<\/p>\n","protected":false},"author":2,"featured_media":32738,"comment_status":"open","ping_status":"open","sticky":false,"template":"","format":"standard","meta":{"colormag_page_container_layout":"default_layout","colormag_page_sidebar_layout":"default_layout","footnotes":""},"categories":[2],"tags":[],"class_list":["post-32732","post","type-post","status-publish","format-standard","has-post-thumbnail","hentry","category-infogral"],"_links":{"self":[{"href":"http:\/\/vocesver.com\/noticias\/wp-json\/wp\/v2\/posts\/32732","targetHints":{"allow":["GET"]}}],"collection":[{"href":"http:\/\/vocesver.com\/noticias\/wp-json\/wp\/v2\/posts"}],"about":[{"href":"http:\/\/vocesver.com\/noticias\/wp-json\/wp\/v2\/types\/post"}],"author":[{"embeddable":true,"href":"http:\/\/vocesver.com\/noticias\/wp-json\/wp\/v2\/users\/2"}],"replies":[{"embeddable":true,"href":"http:\/\/vocesver.com\/noticias\/wp-json\/wp\/v2\/comments?post=32732"}],"version-history":[{"count":3,"href":"http:\/\/vocesver.com\/noticias\/wp-json\/wp\/v2\/posts\/32732\/revisions"}],"predecessor-version":[{"id":32740,"href":"http:\/\/vocesver.com\/noticias\/wp-json\/wp\/v2\/posts\/32732\/revisions\/32740"}],"wp:featuredmedia":[{"embeddable":true,"href":"http:\/\/vocesver.com\/noticias\/wp-json\/wp\/v2\/media\/32738"}],"wp:attachment":[{"href":"http:\/\/vocesver.com\/noticias\/wp-json\/wp\/v2\/media?parent=32732"}],"wp:term":[{"taxonomy":"category","embeddable":true,"href":"http:\/\/vocesver.com\/noticias\/wp-json\/wp\/v2\/categories?post=32732"},{"taxonomy":"post_tag","embeddable":true,"href":"http:\/\/vocesver.com\/noticias\/wp-json\/wp\/v2\/tags?post=32732"}],"curies":[{"name":"wp","href":"https:\/\/api.w.org\/{rel}","templated":true}]}}