{"id":32727,"date":"2022-01-03T21:25:35","date_gmt":"2022-01-03T21:25:35","guid":{"rendered":"http:\/\/vocesver.com\/noticias\/?p=32727"},"modified":"2022-01-03T21:29:11","modified_gmt":"2022-01-03T21:29:11","slug":"nortazo-solo-deja-perdidas-materiales-en-medellin-de-bravopc","status":"publish","type":"post","link":"http:\/\/vocesver.com\/noticias\/nortazo-solo-deja-perdidas-materiales-en-medellin-de-bravopc\/","title":{"rendered":"NORTAZO SOLO DEJA PERDIDAS MATERIALES EN MEDELL\u00cdN DE BRAVO:PC"},"content":{"rendered":"\n<p>\u00b0Sin da\u00f1os a personas, s\u00f3lo p\u00e9rdidas materiales&#8230;&#8230;<\/p>\n\n\n\n<p>REDACCI\u00d3N\/VOCESVER.COM\/NOTICIAS<br><br><br>Medelll\u00edn de Bravos,Ver. Como consecuencia de las rachas de vientos de hasta 115 kil\u00f3metros por hora que se registran en la regi\u00f3n costera central de Veracruz, derivadas del frente fr\u00edo n\u00famero 19, la direcci\u00f3n municipal de Protecci\u00f3n Civil inform\u00f3 que al corte de las 21 horas s\u00f3lo se han registrado p\u00e9rdidas materiales menores en diversas zonas del municipio, sin da\u00f1os a personas.<br><br>Los da\u00f1os han sido principalmente por la ca\u00edda de \u00e1rboles, desprendimientos de l\u00e1minas en algunas viviendas y cortes de energ\u00eda el\u00e9ctrica.<br><br>El director de la dependencia, Adri\u00e1n Mart\u00ednez Gayoso, explic\u00f3 que desde que iniciaron los efectos del fen\u00f3meno meteorol\u00f3gico realizaron labores de monitoreo en todo el municipio con el prop\u00f3sito de auxiliar a los posibles ciudadanos afectados.<br><br>Una vez que recibieron los primeros reportes de afectaciones se implementaron brigadas de tarea por parte del personal de Protecci\u00f3n Civil y param\u00e9dicos voluntarios, desplaz\u00e1ndose a los puntos de auxilio y realizando las respectivas labores de apoyo.<br><br>Se atendieron emergencias por ca\u00edda de \u00e1rboles, postes y desprendimientos de l\u00e1minas en los siguientes puntos: tramo carretero Playa de Vacas-Boca del R\u00edo, Circuito Chachalacas y Paseo Las Flores (Puente Moreno), colonia H\u00e9roes de Veracruz, Parque de El Tejar, Carretera 180 tramo Paso del Toro-La Laguna a la altura del puente vehicular, entre otras zonas.<br><br>Finalmente, el titular de PC hizo un atento llamado de prevenci\u00f3n a los vecinos medellinenses para que no salgan de sus casas sino es necesario, aseguren todo lo que pueda proyectarse a causa de la fuerza del viento y estar atentos a los mensajes y actualizaciones de las autoridades de Protecci\u00f3n Civil.<br><br><br><br><br><br><br><br><br><br><br><br><br><br><br><br><br><br><br><br><br><br><br><br><br><br><br><br><br><br><br><br><\/p>\n","protected":false},"excerpt":{"rendered":"<p>\u00b0Sin da\u00f1os a personas, s\u00f3lo p\u00e9rdidas materiales&#8230;&#8230; REDACCI\u00d3N\/VOCESVER.COM\/NOTICIAS Medelll\u00edn de Bravos,Ver. Como consecuencia de las rachas de vientos de hasta<\/p>\n","protected":false},"author":2,"featured_media":32735,"comment_status":"open","ping_status":"open","sticky":false,"template":"","format":"standard","meta":{"colormag_page_container_layout":"default_layout","colormag_page_sidebar_layout":"default_layout","footnotes":""},"categories":[2],"tags":[],"class_list":["post-32727","post","type-post","status-publish","format-standard","has-post-thumbnail","hentry","category-infogral"],"_links":{"self":[{"href":"http:\/\/vocesver.com\/noticias\/wp-json\/wp\/v2\/posts\/32727","targetHints":{"allow":["GET"]}}],"collection":[{"href":"http:\/\/vocesver.com\/noticias\/wp-json\/wp\/v2\/posts"}],"about":[{"href":"http:\/\/vocesver.com\/noticias\/wp-json\/wp\/v2\/types\/post"}],"author":[{"embeddable":true,"href":"http:\/\/vocesver.com\/noticias\/wp-json\/wp\/v2\/users\/2"}],"replies":[{"embeddable":true,"href":"http:\/\/vocesver.com\/noticias\/wp-json\/wp\/v2\/comments?post=32727"}],"version-history":[{"count":3,"href":"http:\/\/vocesver.com\/noticias\/wp-json\/wp\/v2\/posts\/32727\/revisions"}],"predecessor-version":[{"id":32734,"href":"http:\/\/vocesver.com\/noticias\/wp-json\/wp\/v2\/posts\/32727\/revisions\/32734"}],"wp:featuredmedia":[{"embeddable":true,"href":"http:\/\/vocesver.com\/noticias\/wp-json\/wp\/v2\/media\/32735"}],"wp:attachment":[{"href":"http:\/\/vocesver.com\/noticias\/wp-json\/wp\/v2\/media?parent=32727"}],"wp:term":[{"taxonomy":"category","embeddable":true,"href":"http:\/\/vocesver.com\/noticias\/wp-json\/wp\/v2\/categories?post=32727"},{"taxonomy":"post_tag","embeddable":true,"href":"http:\/\/vocesver.com\/noticias\/wp-json\/wp\/v2\/tags?post=32727"}],"curies":[{"name":"wp","href":"https:\/\/api.w.org\/{rel}","templated":true}]}}