{"id":32717,"date":"2021-12-31T19:30:28","date_gmt":"2021-12-31T19:30:28","guid":{"rendered":"http:\/\/vocesver.com\/noticias\/?p=32717"},"modified":"2021-12-31T19:33:33","modified_gmt":"2021-12-31T19:33:33","slug":"paty-lobeira-visito-el-gran-cafe-del-portal-de-veracruz","status":"publish","type":"post","link":"http:\/\/vocesver.com\/noticias\/paty-lobeira-visito-el-gran-cafe-del-portal-de-veracruz\/","title":{"rendered":"PATY LOBEIRA VISITO EL GRAN  CAF\u00c9 DEL PORTAL DE VERACRUZ"},"content":{"rendered":"\n<p><br><br><br><br><br>\u00b0Acudi\u00f3 acompa\u00f1ada de su esposo Miguel A. Yunes M\u00e1rquez<br><br>AUSENCIO RIVERA\/VOCESVER.COM<br><br>Veracruz,Ver.- a 31 de Diciembre 2021.- La alcaldesa de Veracruz Paty Lobeira de Yunes visit\u00f3 la ma\u00f1ana de este viernes el Gran Caf\u00e9 del Portal de la Ciudad de Veracruz,acudi\u00f3 acompa\u00f1ada de su esposo el ex alcalde boque\u00f1o Miguel Angel Yunes M\u00e1rquez y otros integrantes de su equipo de trabajo.<br>Esto lo hizo momentos antes de tomar protesta como alcaldesa de Veracruz en sustituci\u00f3n del ahora ex alcalde Fernando Yunes M\u00e1rquez.<br>Durante su visita a este caf\u00e9 la alcaldesa porte\u00f1a recibi\u00f3 infinidad de muestras de cari\u00f1o de la gente que acudi\u00f3 a saludarla y a felicitarla.<br><br><br><br><br><br><br><br><br><br><br><br><br><br><br><br><br><br><br><br><br><br><br><br><br><br><br><br><br><br><br><br><br><br><\/p>\n","protected":false},"excerpt":{"rendered":"<p>\u00b0Acudi\u00f3 acompa\u00f1ada de su esposo Miguel A. Yunes M\u00e1rquez AUSENCIO RIVERA\/VOCESVER.COM Veracruz,Ver.- a 31 de Diciembre 2021.- La alcaldesa de<\/p>\n","protected":false},"author":2,"featured_media":32725,"comment_status":"open","ping_status":"open","sticky":false,"template":"","format":"standard","meta":{"colormag_page_container_layout":"default_layout","colormag_page_sidebar_layout":"default_layout","footnotes":""},"categories":[2],"tags":[],"class_list":["post-32717","post","type-post","status-publish","format-standard","has-post-thumbnail","hentry","category-infogral"],"_links":{"self":[{"href":"http:\/\/vocesver.com\/noticias\/wp-json\/wp\/v2\/posts\/32717","targetHints":{"allow":["GET"]}}],"collection":[{"href":"http:\/\/vocesver.com\/noticias\/wp-json\/wp\/v2\/posts"}],"about":[{"href":"http:\/\/vocesver.com\/noticias\/wp-json\/wp\/v2\/types\/post"}],"author":[{"embeddable":true,"href":"http:\/\/vocesver.com\/noticias\/wp-json\/wp\/v2\/users\/2"}],"replies":[{"embeddable":true,"href":"http:\/\/vocesver.com\/noticias\/wp-json\/wp\/v2\/comments?post=32717"}],"version-history":[{"count":3,"href":"http:\/\/vocesver.com\/noticias\/wp-json\/wp\/v2\/posts\/32717\/revisions"}],"predecessor-version":[{"id":32724,"href":"http:\/\/vocesver.com\/noticias\/wp-json\/wp\/v2\/posts\/32717\/revisions\/32724"}],"wp:featuredmedia":[{"embeddable":true,"href":"http:\/\/vocesver.com\/noticias\/wp-json\/wp\/v2\/media\/32725"}],"wp:attachment":[{"href":"http:\/\/vocesver.com\/noticias\/wp-json\/wp\/v2\/media?parent=32717"}],"wp:term":[{"taxonomy":"category","embeddable":true,"href":"http:\/\/vocesver.com\/noticias\/wp-json\/wp\/v2\/categories?post=32717"},{"taxonomy":"post_tag","embeddable":true,"href":"http:\/\/vocesver.com\/noticias\/wp-json\/wp\/v2\/tags?post=32717"}],"curies":[{"name":"wp","href":"https:\/\/api.w.org\/{rel}","templated":true}]}}