{"id":32712,"date":"2021-12-30T21:13:42","date_gmt":"2021-12-30T21:13:42","guid":{"rendered":"http:\/\/vocesver.com\/noticias\/?p=32712"},"modified":"2021-12-30T21:19:48","modified_gmt":"2021-12-30T21:19:48","slug":"levanta-moci-toma-del-palacio-municipal-de-veracruz","status":"publish","type":"post","link":"http:\/\/vocesver.com\/noticias\/levanta-moci-toma-del-palacio-municipal-de-veracruz\/","title":{"rendered":"LEVANTA MOCI TOMA DEL PALACIO MUNICIPAL DE VERACRUZ*"},"content":{"rendered":"\n<p><br>*Acuerdan tener mesa de di\u00e1logo, integrantes de transici\u00f3n de la Alcaldesa Electa Patricia Lobeira con manifestantes.<br><br>*Oliver Olmos reitera quieren la cancelaci\u00f3n de la concesi\u00f3n de Grupo M\u00e1s.<br><br><br>AUSENCIO RIVERA\/VOCESVER.COM\/NOTICIAS<br>*Veracruz,Ver.-* Integrantes del Movimiento Civil Independiente (MOCi), desalojaron las puertas principales del Palacio Municipal y del Edifico Trigueros , luego de mantenerlo tomado por 7 horas, y es que luego de la ratificaci\u00f3n del triunfo de la alcaldesa electa, Patricia Lobeira de Yunes, personal del equipo de transici\u00f3n se reunieron con los manifestantes.<br><br>Oliver Olmos Cabrera Presidente y Fundador del (MOCi), dijo que el equipo de la nueva administraci\u00f3n lo busc\u00f3 la madrugada de este jueves, de una manera respetuosa y con el inter\u00e9s de darle soluci\u00f3n a la problem\u00e1tica que causa da\u00f1os a la poblaci\u00f3n.<br><br>\u201cTuvimos una llamada del equipo de transici\u00f3n de la Presidenta Electa, Patricia Lobeira; que en conjunto y vinculada con la direcci\u00f3n de gobernaci\u00f3n municipal actual, quedaron con el compromiso de acordar una mesa de di\u00e1logo la pr\u00f3xima semana, con las autoridades que van a quedar a cargo de las \u00e1reas correspondientes en este tenor\u201d.<br><br>Olmos cabrera, destac\u00f3 la buena disposici\u00f3n de las autoridades; por lo que se decidi\u00f3 liberar dicho recinto, en espera de la reuni\u00f3n, la pr\u00f3xima semana.<br><br>\u201cVamos a estar pendientes de estas mesas y vamos a informar a la ciudadan\u00eda, y desde luego le vamos a dar un voto de confianza a la nueva administraci\u00f3n\u201d.<br><br>El fundador del Movimiento Civil Independiente (MOCi), Oliver Olmos Cabrera; dijo que estar\u00e1n muy atentos de la respuesta y soluci\u00f3n que den las autoridades, sin embargo advirti\u00f3 que de no beneficiar a la poblaci\u00f3n, volver\u00edan a instalarse; incluso tomar\u00edan otras medidas.<br><br>\u201cVeremos de generar la medida pertinente, para seguir en esta lucha en beneficio de una pol\u00edtica tarifaria justa, de agua limpia, contra estas concesiones que han venido a robar y extorsionar al pueblo de Veracruz, Medell\u00edn y Boca del R\u00edo\u201d.<br><br>&#8212;<br><br><br><br><br><br><br><br><br><br><br><br><br><br><br><br><br><br><br><br><br><br><br><br><br><br><br><br><br><br><br><\/p>\n","protected":false},"excerpt":{"rendered":"<p>*Acuerdan tener mesa de di\u00e1logo, integrantes de transici\u00f3n de la Alcaldesa Electa Patricia Lobeira con manifestantes. *Oliver Olmos reitera quieren<\/p>\n","protected":false},"author":2,"featured_media":32720,"comment_status":"open","ping_status":"open","sticky":false,"template":"","format":"standard","meta":{"colormag_page_container_layout":"default_layout","colormag_page_sidebar_layout":"default_layout","footnotes":""},"categories":[2],"tags":[],"class_list":["post-32712","post","type-post","status-publish","format-standard","has-post-thumbnail","hentry","category-infogral"],"_links":{"self":[{"href":"http:\/\/vocesver.com\/noticias\/wp-json\/wp\/v2\/posts\/32712","targetHints":{"allow":["GET"]}}],"collection":[{"href":"http:\/\/vocesver.com\/noticias\/wp-json\/wp\/v2\/posts"}],"about":[{"href":"http:\/\/vocesver.com\/noticias\/wp-json\/wp\/v2\/types\/post"}],"author":[{"embeddable":true,"href":"http:\/\/vocesver.com\/noticias\/wp-json\/wp\/v2\/users\/2"}],"replies":[{"embeddable":true,"href":"http:\/\/vocesver.com\/noticias\/wp-json\/wp\/v2\/comments?post=32712"}],"version-history":[{"count":3,"href":"http:\/\/vocesver.com\/noticias\/wp-json\/wp\/v2\/posts\/32712\/revisions"}],"predecessor-version":[{"id":32719,"href":"http:\/\/vocesver.com\/noticias\/wp-json\/wp\/v2\/posts\/32712\/revisions\/32719"}],"wp:featuredmedia":[{"embeddable":true,"href":"http:\/\/vocesver.com\/noticias\/wp-json\/wp\/v2\/media\/32720"}],"wp:attachment":[{"href":"http:\/\/vocesver.com\/noticias\/wp-json\/wp\/v2\/media?parent=32712"}],"wp:term":[{"taxonomy":"category","embeddable":true,"href":"http:\/\/vocesver.com\/noticias\/wp-json\/wp\/v2\/categories?post=32712"},{"taxonomy":"post_tag","embeddable":true,"href":"http:\/\/vocesver.com\/noticias\/wp-json\/wp\/v2\/tags?post=32712"}],"curies":[{"name":"wp","href":"https:\/\/api.w.org\/{rel}","templated":true}]}}