{"id":32704,"date":"2021-12-30T20:35:58","date_gmt":"2021-12-30T20:35:58","guid":{"rendered":"http:\/\/vocesver.com\/noticias\/?p=32704"},"modified":"2021-12-30T20:37:46","modified_gmt":"2021-12-30T20:37:46","slug":"comerciantes-independientes-piden-a-a-paty-lobeira-mayor-atencion-al-mercado-unidad-veracruzanlezama-fernandez","status":"publish","type":"post","link":"http:\/\/vocesver.com\/noticias\/comerciantes-independientes-piden-a-a-paty-lobeira-mayor-atencion-al-mercado-unidad-veracruzanlezama-fernandez\/","title":{"rendered":"COMERCIANTES INDEPENDIENTES PIDEN A A PATY LOBEIRA MAYOR ATENCI\u00d3N AL MERCADO UNIDAD VERACRUZAN;LEZAMA FERN\u00c1NDEZ"},"content":{"rendered":"\n<p><br>\u00b0Sobre todo se atiendan las fugas de aguas negras que dan una mala imagen a estos.<br>POR:ALEJANDRO MURRIETA\/VOCESVER.COM\/NOTICIAS<br>Veracruz,Ver.- a 30 de Diciembre 2021.-  Ahora que la licenciada Patrcia Lobeira de Yunes result\u00f3 ser de manera oficial la alcaldesa de Veracruz,comerciantes independientes de los mercados demandan que estos reciban mayor atenci\u00f3n pues acusan severo abandono de las autoridades municipales.<br>Lo anterior lo se\u00f1al\u00f3 Fide Lezama Fern\u00e1ndez presidentes de dicha agrupaci\u00f3n y quien explic\u00f3 que solo basta recorrer el Mercado Unidad Veracruzana para ver que abundan las aguas negras en diverso puntos del inmueble. <br>Indic\u00f3 que estas irregularidades se reportar\u00f3n con oportunidad a la administraci\u00f3n municipal saliente, sin embargo las aguas negras pululan por doquier afectando a comensales que acuden a las fondas de alimentos y a los mismos comerciantes del lugar quienes  tienen que soportar los f\u00e9tidos olores a drenaje que contaminan el ambiente.<br>Asimismo report\u00f3 que calles aleda\u00f1as a los mercados fueros privatizadas por el Ayuntamiento saliente para dar a cabida a m\u00e1s comerciantes informales lo que provoc\u00f3 que tan solo en este mercado el comercio ambulante se incrementar en m\u00e1s de un 300 por ciento. <br>Por otro lado exhort\u00f3  al candidato perdedor de Morena Ricardo Exsome Zapata a que si quiere estar en el \u00e1nimo de los veracruzanos que se ponga las pilas y trabaje siguiendo el ejemplo de AMLO quien demuestra con hechos lo que promete, su derrota deja mucho que desear a la militancia morenista. <br><br><br><br><br><br><br><br><br><br><br><br><br><br><br><br><br><br><br><br><br><br><br><br><br><br><br><br><br><br><br><br><\/p>\n","protected":false},"excerpt":{"rendered":"<p>\u00b0Sobre todo se atiendan las fugas de aguas negras que dan una mala imagen a estos.POR:ALEJANDRO MURRIETA\/VOCESVER.COM\/NOTICIASVeracruz,Ver.- a 30 de<\/p>\n","protected":false},"author":2,"featured_media":32710,"comment_status":"open","ping_status":"open","sticky":false,"template":"","format":"standard","meta":{"colormag_page_container_layout":"default_layout","colormag_page_sidebar_layout":"default_layout","footnotes":""},"categories":[2],"tags":[],"class_list":["post-32704","post","type-post","status-publish","format-standard","has-post-thumbnail","hentry","category-infogral"],"_links":{"self":[{"href":"http:\/\/vocesver.com\/noticias\/wp-json\/wp\/v2\/posts\/32704","targetHints":{"allow":["GET"]}}],"collection":[{"href":"http:\/\/vocesver.com\/noticias\/wp-json\/wp\/v2\/posts"}],"about":[{"href":"http:\/\/vocesver.com\/noticias\/wp-json\/wp\/v2\/types\/post"}],"author":[{"embeddable":true,"href":"http:\/\/vocesver.com\/noticias\/wp-json\/wp\/v2\/users\/2"}],"replies":[{"embeddable":true,"href":"http:\/\/vocesver.com\/noticias\/wp-json\/wp\/v2\/comments?post=32704"}],"version-history":[{"count":2,"href":"http:\/\/vocesver.com\/noticias\/wp-json\/wp\/v2\/posts\/32704\/revisions"}],"predecessor-version":[{"id":32709,"href":"http:\/\/vocesver.com\/noticias\/wp-json\/wp\/v2\/posts\/32704\/revisions\/32709"}],"wp:featuredmedia":[{"embeddable":true,"href":"http:\/\/vocesver.com\/noticias\/wp-json\/wp\/v2\/media\/32710"}],"wp:attachment":[{"href":"http:\/\/vocesver.com\/noticias\/wp-json\/wp\/v2\/media?parent=32704"}],"wp:term":[{"taxonomy":"category","embeddable":true,"href":"http:\/\/vocesver.com\/noticias\/wp-json\/wp\/v2\/categories?post=32704"},{"taxonomy":"post_tag","embeddable":true,"href":"http:\/\/vocesver.com\/noticias\/wp-json\/wp\/v2\/tags?post=32704"}],"curies":[{"name":"wp","href":"https:\/\/api.w.org\/{rel}","templated":true}]}}