{"id":32696,"date":"2021-12-30T19:52:28","date_gmt":"2021-12-30T19:52:28","guid":{"rendered":"http:\/\/vocesver.com\/noticias\/?p=32696"},"modified":"2021-12-30T19:56:47","modified_gmt":"2021-12-30T19:56:47","slug":"validan-de-manera-definitiva-el-triunfo-de-patricia-lobeira-como-alcaldesa-de-veracruz","status":"publish","type":"post","link":"http:\/\/vocesver.com\/noticias\/validan-de-manera-definitiva-el-triunfo-de-patricia-lobeira-como-alcaldesa-de-veracruz\/","title":{"rendered":"*Validan de manera definitiva el triunfo de Patricia Lobeira como Alcaldesa de Veracruz*"},"content":{"rendered":"\n<p><br><br><br><br>_-Por un\u00e1nimidad los Magistrados de la Sala Superior del Tribunal Electoral del Poder Judicial de la Federaci\u00f3n declaran la validez de la elecci\u00f3n del municipio de Veracruz_<br><br>_-Desechan todos los recursos interpuestos por Morena_<br><br><br>REDACCI\u00d3N\/VOCESVER.COM\/NOTICIAS<br><br>Por un\u00e1nimidad, los Magistrados de la Sala Superior del Tribunal Electoral del Poder Judicial de la Federaci\u00f3n (TEPJF) validan el triunfo de Patricia Lobeira de Yunes como Alcaldesa del Municipio de Veracruz, desechando de manera definitiva todos los recursos interpuestos por MORENA.<br><br>Fue durante la sesi\u00f3n realizada este mi\u00e9rcoles 29 de diciembre, a las 6 de la tarde, que los Magistrados de la Sala Superior del TEPJF resolvieron de manera definitiva la impugnaci\u00f3n presentada por Morena, declarando la validez de la elecci\u00f3n del municipio de Veracruz y el triunfo de la coalici\u00f3n \u201cVeracruz va\u201d, encabezada por Patricia Lobeira, en las elecciones del pasado 6 de junio.<br><br>De esta manera queda confirmada la resoluci\u00f3n de la Sala Regional Xalapa del TEPJF que el pasado 20 de diciembre valid\u00f3 el triunfo de Patricia Lobeira de Yunes como Presidenta Municipal del Puerto de Veracruz.<br><br>Los Magistrados de la Sala Regional revocaron por un\u00e1nimidad la infundada resoluci\u00f3n del Tribunal Electoral de Veracruz (TEV) que anulaba la elecci\u00f3n del Municipio de Veracruz; asimismo determinaron la existencia de violaciones en raz\u00f3n de g\u00e9nero por parte de Ricardo Exsome, candidato perdedor de Morena, al usar un lenguaje sexista para intentar denigrar a Patricia Rodr\u00edguez.<br><br>Con las resoluciones emitidas por la Sala Regional Xalapa y la Sala Superi\u00f3n del TEPJF, qued\u00f3 demostrado el servilismo con que se conducen los magistrados del TEV, Roberto Sigala Aguilar y Tania V\u00e1zquez, corruptos y c\u00f3mplices, a las \u00f3rdenes de Cuitl\u00e1huac Garc\u00eda, quienes elaboraron, en s\u00f3lo 48 horas, y emitieron sin ning\u00fan sustento jur\u00eddico la resoluci\u00f3n para tratar de invalidar el triunfo de Patricia Rodr\u00edguez.<br><br>A cambio de esto, Roberto Sigala fue premiado con la presidencia del Tribunal Electoral de Veracruz por haberse prestado a los intereses del gobernador.<br><br><br><br><br><br><br><br><br><br><br><br><br><br><br><br><br><br><br><br><br><br><br><br><br><br><br><br><br><br><br><br><br><br><br><br><br><br><br><br><\/p>\n","protected":false},"excerpt":{"rendered":"<p>_-Por un\u00e1nimidad los Magistrados de la Sala Superior del Tribunal Electoral del Poder Judicial de la Federaci\u00f3n declaran la validez<\/p>\n","protected":false},"author":2,"featured_media":32702,"comment_status":"open","ping_status":"open","sticky":false,"template":"","format":"standard","meta":{"colormag_page_container_layout":"default_layout","colormag_page_sidebar_layout":"default_layout","footnotes":""},"categories":[2],"tags":[],"class_list":["post-32696","post","type-post","status-publish","format-standard","has-post-thumbnail","hentry","category-infogral"],"_links":{"self":[{"href":"http:\/\/vocesver.com\/noticias\/wp-json\/wp\/v2\/posts\/32696","targetHints":{"allow":["GET"]}}],"collection":[{"href":"http:\/\/vocesver.com\/noticias\/wp-json\/wp\/v2\/posts"}],"about":[{"href":"http:\/\/vocesver.com\/noticias\/wp-json\/wp\/v2\/types\/post"}],"author":[{"embeddable":true,"href":"http:\/\/vocesver.com\/noticias\/wp-json\/wp\/v2\/users\/2"}],"replies":[{"embeddable":true,"href":"http:\/\/vocesver.com\/noticias\/wp-json\/wp\/v2\/comments?post=32696"}],"version-history":[{"count":2,"href":"http:\/\/vocesver.com\/noticias\/wp-json\/wp\/v2\/posts\/32696\/revisions"}],"predecessor-version":[{"id":32701,"href":"http:\/\/vocesver.com\/noticias\/wp-json\/wp\/v2\/posts\/32696\/revisions\/32701"}],"wp:featuredmedia":[{"embeddable":true,"href":"http:\/\/vocesver.com\/noticias\/wp-json\/wp\/v2\/media\/32702"}],"wp:attachment":[{"href":"http:\/\/vocesver.com\/noticias\/wp-json\/wp\/v2\/media?parent=32696"}],"wp:term":[{"taxonomy":"category","embeddable":true,"href":"http:\/\/vocesver.com\/noticias\/wp-json\/wp\/v2\/categories?post=32696"},{"taxonomy":"post_tag","embeddable":true,"href":"http:\/\/vocesver.com\/noticias\/wp-json\/wp\/v2\/tags?post=32696"}],"curies":[{"name":"wp","href":"https:\/\/api.w.org\/{rel}","templated":true}]}}