{"id":32691,"date":"2021-12-29T21:38:39","date_gmt":"2021-12-29T21:38:39","guid":{"rendered":"http:\/\/vocesver.com\/noticias\/?p=32691"},"modified":"2021-12-29T21:39:57","modified_gmt":"2021-12-29T21:39:57","slug":"tsunami-de-casos-covid-19-colapsara-sistemas-sanitarios-dice-oms","status":"publish","type":"post","link":"http:\/\/vocesver.com\/noticias\/tsunami-de-casos-covid-19-colapsara-sistemas-sanitarios-dice-oms\/","title":{"rendered":"\u201cTsunami\u201d de casos COVID-19 colapsar\u00e1 sistemas sanitarios, dice OMS"},"content":{"rendered":"\n<p><br>El titular de la OMS reiter\u00f3 su llamamiento para que los pa\u00edses compartan las vacunas. Foto: Reuters<br><br>REDACCI\u00d3N\/VOCESVER.COM\/NOTICIAS<br><br>INTERNACIONAL..- A 29 DE DICIEMBRE 2021.- De acuerdo con informaci\u00f3n de AGENCIAS,,GINEBRA, ZUIZA\/AFP,,REUTERS&#8230;.. Un tsunami de casos de las variantes \u00d3micron y Delta del COVID-19 llevar\u00e1 a los sistemas sanitarios al borde del colapso, advirti\u00f3 el mi\u00e9rcoles la Organizaci\u00f3n Mundial de la Salud (OMS). <br><br><br>\u201cMe preocupa enormemente que \u00d3micron, al ser m\u00e1s transmisible y circular al mismo tiempo que Delta, est\u00e9 provocando un tsunami de casos. Esto est\u00e1 poniendo y seguir\u00e1 poniendo una inmensa presi\u00f3n sobre los agotados trabajadores sanitarios, y los sistemas de salud est\u00e1n al borde del colapso\u201d.<br><br>Tedros Adhanom Ghebreyesus, jefe de la OMS<br>El titular de la OMS reiter\u00f3 su llamamiento para que los pa\u00edses compartan las vacunas de forma m\u00e1s equitativa y advirti\u00f3 que el \u00e9nfasis en las dosis de refuerzo por parte de los pa\u00edses m\u00e1s ricos podr\u00eda dejar sin vacunas a las naciones m\u00e1s desfavorecidas.<br><br><br><br><br>Afirm\u00f3 que la OMS est\u00e1 haciendo campa\u00f1a para que todos los pa\u00edses alcancen el objetivo de una inmunizaci\u00f3n del 70% a mediados de 2022, lo que ayudar\u00eda a poner fin a la fase aguda de la pandemia.<br><br>TE PUEDE INTERESAR: \u201cMejor fiesta cancelada que vida terminada\u201d: OMS confirma que \u00d3micron infecta a vacunados y recuperados<br><br><br>R\u00e9cord mundial de casos de COVID-19 en siete d\u00edas por \u00d3micron<br>La pandemia de COVID-19 se ha disparado con un r\u00e9cord de casos en el mundo en los \u00faltimos siete d\u00edas debido a \u00d3micron, una variante altamente contagiosa que representa un riesgo \u201cmuy elevado\u201d seg\u00fan la Organizaci\u00f3n Mundial de la Salud (OMS).<br><br>La v\u00edspera de A\u00f1o Nuevo marcar\u00e1 el segundo aniversario de que China alertara a la OMS de 27 casos de \u201cneumon\u00eda viral\u201d de origen desconocido en la ciudad de Wuhan.<br><br>Desde entonces, se han registrado m\u00e1s de 281 millones de personas infectadas por COVID-19 en todo el mundo y m\u00e1s de 5 millones de decesos, seg\u00fan un recuento de Reuters.<br><br><br><br><br>INF. DE AGENCIAS,GINEBRA,,ZUIZA,AFP\/REUTERS<br><br><br><br><br><br><br><br><br><br><br><br><br><br><br><br><br><br><br><br><br><br><br><br><br><br><br><br><br><br><br><br><br><br><\/p>\n","protected":false},"excerpt":{"rendered":"<p>El titular de la OMS reiter\u00f3 su llamamiento para que los pa\u00edses compartan las vacunas. Foto: Reuters REDACCI\u00d3N\/VOCESVER.COM\/NOTICIAS INTERNACIONAL..- A<\/p>\n","protected":false},"author":2,"featured_media":32698,"comment_status":"open","ping_status":"open","sticky":false,"template":"","format":"standard","meta":{"colormag_page_container_layout":"default_layout","colormag_page_sidebar_layout":"default_layout","footnotes":""},"categories":[6],"tags":[],"class_list":["post-32691","post","type-post","status-publish","format-standard","has-post-thumbnail","hentry","category-internacional"],"_links":{"self":[{"href":"http:\/\/vocesver.com\/noticias\/wp-json\/wp\/v2\/posts\/32691","targetHints":{"allow":["GET"]}}],"collection":[{"href":"http:\/\/vocesver.com\/noticias\/wp-json\/wp\/v2\/posts"}],"about":[{"href":"http:\/\/vocesver.com\/noticias\/wp-json\/wp\/v2\/types\/post"}],"author":[{"embeddable":true,"href":"http:\/\/vocesver.com\/noticias\/wp-json\/wp\/v2\/users\/2"}],"replies":[{"embeddable":true,"href":"http:\/\/vocesver.com\/noticias\/wp-json\/wp\/v2\/comments?post=32691"}],"version-history":[{"count":2,"href":"http:\/\/vocesver.com\/noticias\/wp-json\/wp\/v2\/posts\/32691\/revisions"}],"predecessor-version":[{"id":32697,"href":"http:\/\/vocesver.com\/noticias\/wp-json\/wp\/v2\/posts\/32691\/revisions\/32697"}],"wp:featuredmedia":[{"embeddable":true,"href":"http:\/\/vocesver.com\/noticias\/wp-json\/wp\/v2\/media\/32698"}],"wp:attachment":[{"href":"http:\/\/vocesver.com\/noticias\/wp-json\/wp\/v2\/media?parent=32691"}],"wp:term":[{"taxonomy":"category","embeddable":true,"href":"http:\/\/vocesver.com\/noticias\/wp-json\/wp\/v2\/categories?post=32691"},{"taxonomy":"post_tag","embeddable":true,"href":"http:\/\/vocesver.com\/noticias\/wp-json\/wp\/v2\/tags?post=32691"}],"curies":[{"name":"wp","href":"https:\/\/api.w.org\/{rel}","templated":true}]}}