{"id":32680,"date":"2021-12-29T20:58:15","date_gmt":"2021-12-29T20:58:15","guid":{"rendered":"http:\/\/vocesver.com\/noticias\/?p=32680"},"modified":"2021-12-29T21:07:46","modified_gmt":"2021-12-29T21:07:46","slug":"proxima-comuna-del-puerto-de-veracruz-va-a-ser-de-morenamariscal-martinez","status":"publish","type":"post","link":"http:\/\/vocesver.com\/noticias\/proxima-comuna-del-puerto-de-veracruz-va-a-ser-de-morenamariscal-martinez\/","title":{"rendered":"PR\u00d3XIMA COMUNA DEL PUERTO DE VERACRUZ VA  A SER DE MORENA:MARISCAL MART\u00cdNEZ"},"content":{"rendered":"\n<p>\u00b0Denunci\u00f3 que INSUS le est\u00e1 fallando a AMLO, no apoya<br> la regularizaci\u00f3n de las colonias de Veracruz.<br>\u00b0Hay colonias que tienen hasta 25 a\u00f1os de estar recibiendo promesas incumplidas de regularizaci\u00f3n.<br>AUSENCIO RIVERA\/VOCESVER.COM7NOTICIAS<br>Veracruz,Ver.-A 29 de Diciembre 2021.- Al se\u00f1alar que m\u00e1s del 70 por ciento de las colonias de Veracruz eran ejidos anteriormente, Miguel A. Mariscal Mart\u00ednez presidente de la Unidad de Barrios y Colonias del Puerto de Veracruz denunci\u00f3 que el Instituto Nacional de Suelo Sustentable( INSUS)antes Corett no est\u00e1 apoyando en la regularizaci\u00f3n de  las mismas.<br>Ante ello anunci\u00f3 \u201cvamos a intervenir llevando a todas las colonias a la prescripci\u00f3n positiva debido a que muchas de ellas tienen hasta 25 a\u00f1os y no est\u00e1n regularizadas\u201d.<br>Afortunadamente el presidente de M\u00e9xico Andr\u00e9s Manuel L\u00f3pez Obrador viene atendiendo estos problemas a\u00f1ejos y viene trabajando con todo, el dirigente de colonias denunci\u00f3 que desgraciadamente hay funcionarios que solo reciben a la gente y solo les han estado dando promesas desde hace cinco o diez a\u00f1os y a la fecha no se han regularizados estas colonias.<br>Agreg\u00f3 que para ello se tienen que hacer juntas donde intervengan lo ejidatarios que son la m\u00e1xima autoridad en un ejido y hay que hablar con los posesionarios para resolver estos problemas de regularizaci\u00f3n.<br>Abund\u00f3 que la mayor\u00eda de los funcionarios en algunas dependencias como en INSUS estos son muy in\u00fatiles, no sirven para nada, no buscan resaltar el progreso de AMLO que encabeza la Cuarta Transformaci\u00f3n.<br>Asimismo planteo que esa gente in\u00fatil debe ser sustitu\u00edda por los \u201cgestores sociales\u201d que son los encargados de orientar al pueblo.<br> Estos  gu\u00edan a la gente para que tengan la seguridad de tener un patrimonio escriturado y en regla \u201cporque necesitamos que la pr\u00f3xima comuna que va a ser de MORENA intervenga con las inversiones donde  haya regularizaci\u00f3n de la tenencia de la tierra\u201d.<br>Nosotros tenemos el apoyo y admiramos a L\u00f3pez Obrador que est\u00e1 luchando d\u00eda a d\u00eda  a\u00fan en contra de la maquinaria de la derecha que solo se vive criticando a su gobierno para tratar de desvirtuar su imagen.<br>Asimismo reconoci\u00f3 que el Gobernador de Veracruz Cuitl\u00e1huac Garc\u00eda est\u00e1 apoyando a las colonias m\u00e1s pobres con proyectos como casas de inter\u00e9s social, regularizaci\u00f3n de la tenencia de la tierra a trav\u00e9s de Patrimonio del Estado e Invivienda quienes trabajan a todo lo que dan. <br>Finalmente pidi\u00f3 la intervenci\u00f3n de la diputada federal de Morena Rosa Mar\u00eda Hern\u00e1ndez Espejo para que el personal de INSUS(antes Corett) ya se ponga a trabajar en beneficio del pueblo porque este hoy en d\u00eda exige realidades ya est\u00e1 cansado de promesas incumplidas.<br><br><br><br><br><br><br><br><br><br><br><br><br><br><br><br><br><br><br><br><br><br><br><br><br><br><br><br><br><br><br><br><br><br><br><br><br><\/p>\n","protected":false},"excerpt":{"rendered":"<p>\u00b0Denunci\u00f3 que INSUS le est\u00e1 fallando a AMLO, no apoya la regularizaci\u00f3n de las colonias de Veracruz.\u00b0Hay colonias que tienen<\/p>\n","protected":false},"author":2,"featured_media":32688,"comment_status":"open","ping_status":"open","sticky":false,"template":"","format":"standard","meta":{"colormag_page_container_layout":"default_layout","colormag_page_sidebar_layout":"default_layout","footnotes":""},"categories":[2],"tags":[],"class_list":["post-32680","post","type-post","status-publish","format-standard","has-post-thumbnail","hentry","category-infogral"],"_links":{"self":[{"href":"http:\/\/vocesver.com\/noticias\/wp-json\/wp\/v2\/posts\/32680","targetHints":{"allow":["GET"]}}],"collection":[{"href":"http:\/\/vocesver.com\/noticias\/wp-json\/wp\/v2\/posts"}],"about":[{"href":"http:\/\/vocesver.com\/noticias\/wp-json\/wp\/v2\/types\/post"}],"author":[{"embeddable":true,"href":"http:\/\/vocesver.com\/noticias\/wp-json\/wp\/v2\/users\/2"}],"replies":[{"embeddable":true,"href":"http:\/\/vocesver.com\/noticias\/wp-json\/wp\/v2\/comments?post=32680"}],"version-history":[{"count":3,"href":"http:\/\/vocesver.com\/noticias\/wp-json\/wp\/v2\/posts\/32680\/revisions"}],"predecessor-version":[{"id":32689,"href":"http:\/\/vocesver.com\/noticias\/wp-json\/wp\/v2\/posts\/32680\/revisions\/32689"}],"wp:featuredmedia":[{"embeddable":true,"href":"http:\/\/vocesver.com\/noticias\/wp-json\/wp\/v2\/media\/32688"}],"wp:attachment":[{"href":"http:\/\/vocesver.com\/noticias\/wp-json\/wp\/v2\/media?parent=32680"}],"wp:term":[{"taxonomy":"category","embeddable":true,"href":"http:\/\/vocesver.com\/noticias\/wp-json\/wp\/v2\/categories?post=32680"},{"taxonomy":"post_tag","embeddable":true,"href":"http:\/\/vocesver.com\/noticias\/wp-json\/wp\/v2\/tags?post=32680"}],"curies":[{"name":"wp","href":"https:\/\/api.w.org\/{rel}","templated":true}]}}