{"id":32273,"date":"2021-12-02T20:26:14","date_gmt":"2021-12-02T20:26:14","guid":{"rendered":"http:\/\/vocesver.com\/noticias\/?p=32273"},"modified":"2021-12-02T20:26:16","modified_gmt":"2021-12-02T20:26:16","slug":"en-morena-dejamos-en-claro-que-nadie-estara-por-encima-de-la-ley-ramirez-zepeta","status":"publish","type":"post","link":"http:\/\/vocesver.com\/noticias\/en-morena-dejamos-en-claro-que-nadie-estara-por-encima-de-la-ley-ramirez-zepeta\/","title":{"rendered":"En Morena dejamos en claro que nadie estar\u00e1 por encima de la ley: Ram\u00edrez Zepeta"},"content":{"rendered":"\n<p><br><br>REDACCI\u00d3N\/VOCESVER.COM\/NOTICIAS<br><br>Xalapa, Ver., 02 de diciembre de 2021.- En nuestro movimiento, quien no respete la ley tendr\u00e1 que rendir cuentas ante las autoridades, afirm\u00f3 el Delegado Estatal en funciones de Presidente del Movimiento de Regeneraci\u00f3n Nacional (Morena), Esteban Ram\u00edrez Zepeta, en relaci\u00f3n a la aprehensi\u00f3n del alcalde electo de Lerdo de Tejada, Jorge Fabi\u00e1n \u201cN\u201d, por el presunto delito de secuestro agravado.<br><br>El dirigente de Morena en la entidad se manifest\u00f3 respetuoso de las acciones emprendidas por las autoridades veracruzanas y la Fiscal\u00eda General del Estado (FGE) y asegur\u00f3 que en Morena no se solapar\u00e1 a ninguna persona que cometa il\u00edcitos.<br><br>Record\u00f3 que en marzo de este a\u00f1o, Morena se comprometi\u00f3 en el Acuerdo Veracruz por la Democracia 2021 a respaldar la legalidad y la honorabilidad, por lo que reiter\u00f3 que si un ciudadano o ciudadana, del partido que sea, no cumple con la ley, tendr\u00e1 que asumir su responsabilidad. <br><br>Reiter\u00f3 que en Morena, quienes quieran trabajar por la Cuarta Transformaci\u00f3n deben tener presentes los principios de no mentir, no robar y no traicionar al pueblo. \u201cNi la ciudadan\u00eda ni nosotros toleramos la impunidad y la corrupci\u00f3n\u201d, subray\u00f3.<br><br>Asimismo, Ram\u00edrez Zepeta consider\u00f3 que este hecho reitera que la inmunidad pol\u00edtica y favoritismos en la aplicaci\u00f3n de la ley son cosa del pasado, pues en la Cuarta Transformaci\u00f3n quien atente contra la ley deber\u00e1 pagar por ello.<br><br><br><br><br><br><br><br><br><br><br><br><br><br><br><br><br><br><br><br><br><br><br><br><br><br><br><br><br><br><br><br><br><br><br><\/p>\n","protected":false},"excerpt":{"rendered":"<p>REDACCI\u00d3N\/VOCESVER.COM\/NOTICIAS Xalapa, Ver., 02 de diciembre de 2021.- En nuestro movimiento, quien no respete la ley tendr\u00e1 que rendir cuentas<\/p>\n","protected":false},"author":2,"featured_media":32279,"comment_status":"open","ping_status":"open","sticky":false,"template":"","format":"standard","meta":{"colormag_page_container_layout":"default_layout","colormag_page_sidebar_layout":"default_layout","footnotes":""},"categories":[4],"tags":[],"class_list":["post-32273","post","type-post","status-publish","format-standard","has-post-thumbnail","hentry","category-estatal"],"_links":{"self":[{"href":"http:\/\/vocesver.com\/noticias\/wp-json\/wp\/v2\/posts\/32273","targetHints":{"allow":["GET"]}}],"collection":[{"href":"http:\/\/vocesver.com\/noticias\/wp-json\/wp\/v2\/posts"}],"about":[{"href":"http:\/\/vocesver.com\/noticias\/wp-json\/wp\/v2\/types\/post"}],"author":[{"embeddable":true,"href":"http:\/\/vocesver.com\/noticias\/wp-json\/wp\/v2\/users\/2"}],"replies":[{"embeddable":true,"href":"http:\/\/vocesver.com\/noticias\/wp-json\/wp\/v2\/comments?post=32273"}],"version-history":[{"count":2,"href":"http:\/\/vocesver.com\/noticias\/wp-json\/wp\/v2\/posts\/32273\/revisions"}],"predecessor-version":[{"id":32280,"href":"http:\/\/vocesver.com\/noticias\/wp-json\/wp\/v2\/posts\/32273\/revisions\/32280"}],"wp:featuredmedia":[{"embeddable":true,"href":"http:\/\/vocesver.com\/noticias\/wp-json\/wp\/v2\/media\/32279"}],"wp:attachment":[{"href":"http:\/\/vocesver.com\/noticias\/wp-json\/wp\/v2\/media?parent=32273"}],"wp:term":[{"taxonomy":"category","embeddable":true,"href":"http:\/\/vocesver.com\/noticias\/wp-json\/wp\/v2\/categories?post=32273"},{"taxonomy":"post_tag","embeddable":true,"href":"http:\/\/vocesver.com\/noticias\/wp-json\/wp\/v2\/tags?post=32273"}],"curies":[{"name":"wp","href":"https:\/\/api.w.org\/{rel}","templated":true}]}}