{"id":32267,"date":"2021-12-01T23:04:33","date_gmt":"2021-12-01T23:04:33","guid":{"rendered":"http:\/\/vocesver.com\/noticias\/?p=32267"},"modified":"2021-12-01T23:04:34","modified_gmt":"2021-12-01T23:04:34","slug":"variante-omicron-llega-a-eu-detectan-primer-caso-en-california","status":"publish","type":"post","link":"http:\/\/vocesver.com\/noticias\/variante-omicron-llega-a-eu-detectan-primer-caso-en-california\/","title":{"rendered":"Variante \u00d3micron llega a EU: detectan primer caso en California"},"content":{"rendered":"\n<p>Variante \u00d3micron llega a EU: detectan primer caso en California<br><br>REDACCI\u00d3N\/VOCESVER.COM\/NOTICIAS<br><br>INTERNACIONAL.- A 1 DE DICIIEMBRE 2021.. DE ACUERDO CON INFORMACI\u00d3N  DE CALIFORNIA\/E.U.\/UNOTV.AFP\/REUTERS&#8230;..Los Centros para el Control y Prevenci\u00f3n de Enfermedades (CDC) de Estados Unidos informaron del primer caso registrado de la variante \u00d3micron del coronavirus (COVID-19) en la Uni\u00f3n Americana. Fue detectado en California.<br><br><br>Joe Biden, presidente de Estados Unidos, prohibi\u00f3 viajes desde y hacia \u00c1frica<br>Asegur\u00f3 que buscaba aplazar su llegada, aunque su detecci\u00f3n era inminente<br>En comunicado de prensa difundido en redes sociales, los CDC de Estados Unidos dijeron que el primer caso de la variante \u00d3micron fue detectado por el Departamento de Salud de San Francisco, California, en \u201cun viajero que regres\u00f3 de Sud\u00e1frica el 22 de noviembre de 2021\u201d.<br><br><br><br>\u00d3micron en California<br>El portador est\u00e1 completamente vacunado contra el COVID-19<br>Ya fue aislado y se sigue la ruta de contagios en Estados Unidos<br><br>La Organizaci\u00f3n Mundial de la Salud (OMS) clasific\u00f3 a la variante B.1.1.529 como de \u201cpreocupaci\u00f3n\u201d, y la nombr\u00f3 \u00d3micron el 30 de noviembre de 2021. El presidente dem\u00f3crata Joe Biden confirm\u00f3 que la variante es de \u201cpreocupaci\u00f3n\u201d, aunque no de p\u00e1nico.<br><br><br>Estados Unidos \u00d3micron California<br>\u201cPese a la detecci\u00f3n de \u00d3micron en California, Delta es la cepa dominante en Estados Unidos. Foto: Reuters.<br>Tras detectar a la variante \u00d3micron en California, los CDC de Estados Unidos reiteraron a la ciudadan\u00eda la importancia de vacunarse, recibir vacunas de refuerzo, y seguir manteniendo las medidas de bioseguridad contra la mortal enfermedad, en cualquier espacio.<br><br><br>Estados Unidos en alerta<br>El pa\u00eds del norte est\u00e1 previendo pruebas m\u00e1s estrictas y requisitos de cuarentena para viajeros internacionales que lleguen al pa\u00eds, incluida la realizaci\u00f3n de una prueba diagn\u00f3stica de COVID-19 un d\u00eda antes de la salida, dijeron los CDC de Estados Unidos por el caso en California.<br><br>Cient\u00edficos todav\u00eda no tienen datos concretos, pero bas\u00e1ndose en el patr\u00f3n de mutaciones de \u00d3micron, esperan que eluda, al menos en parte, la acci\u00f3n protectora de las vacunas disponibles y que pueda ser m\u00e1s transmisible que Delta, cepa mundial dominante en la actualidad.<br><br><br><br>INF. DE CALIFORNIA\/E,U,.\/UNOTV\/AFP\/REUTERS.<br><br><br><br><br><br><br><br><br><br><br><br><br><br><br><br><br><br><br><br><br><br><br><br><br><\/p>\n","protected":false},"excerpt":{"rendered":"<p>Variante \u00d3micron llega a EU: detectan primer caso en California REDACCI\u00d3N\/VOCESVER.COM\/NOTICIAS INTERNACIONAL.- A 1 DE DICIIEMBRE 2021.. DE ACUERDO CON<\/p>\n","protected":false},"author":2,"featured_media":32275,"comment_status":"open","ping_status":"open","sticky":false,"template":"","format":"standard","meta":{"colormag_page_container_layout":"default_layout","colormag_page_sidebar_layout":"default_layout","footnotes":""},"categories":[6],"tags":[],"class_list":["post-32267","post","type-post","status-publish","format-standard","has-post-thumbnail","hentry","category-internacional"],"_links":{"self":[{"href":"http:\/\/vocesver.com\/noticias\/wp-json\/wp\/v2\/posts\/32267","targetHints":{"allow":["GET"]}}],"collection":[{"href":"http:\/\/vocesver.com\/noticias\/wp-json\/wp\/v2\/posts"}],"about":[{"href":"http:\/\/vocesver.com\/noticias\/wp-json\/wp\/v2\/types\/post"}],"author":[{"embeddable":true,"href":"http:\/\/vocesver.com\/noticias\/wp-json\/wp\/v2\/users\/2"}],"replies":[{"embeddable":true,"href":"http:\/\/vocesver.com\/noticias\/wp-json\/wp\/v2\/comments?post=32267"}],"version-history":[{"count":2,"href":"http:\/\/vocesver.com\/noticias\/wp-json\/wp\/v2\/posts\/32267\/revisions"}],"predecessor-version":[{"id":32276,"href":"http:\/\/vocesver.com\/noticias\/wp-json\/wp\/v2\/posts\/32267\/revisions\/32276"}],"wp:featuredmedia":[{"embeddable":true,"href":"http:\/\/vocesver.com\/noticias\/wp-json\/wp\/v2\/media\/32275"}],"wp:attachment":[{"href":"http:\/\/vocesver.com\/noticias\/wp-json\/wp\/v2\/media?parent=32267"}],"wp:term":[{"taxonomy":"category","embeddable":true,"href":"http:\/\/vocesver.com\/noticias\/wp-json\/wp\/v2\/categories?post=32267"},{"taxonomy":"post_tag","embeddable":true,"href":"http:\/\/vocesver.com\/noticias\/wp-json\/wp\/v2\/tags?post=32267"}],"curies":[{"name":"wp","href":"https:\/\/api.w.org\/{rel}","templated":true}]}}