{"id":32256,"date":"2021-12-01T22:37:19","date_gmt":"2021-12-01T22:37:19","guid":{"rendered":"http:\/\/vocesver.com\/noticias\/?p=32256"},"modified":"2021-12-01T22:39:57","modified_gmt":"2021-12-01T22:39:57","slug":"funcionarios-menores-de-la-4t-frenan-demandas-de-exportuariosalejandro-pulido","status":"publish","type":"post","link":"http:\/\/vocesver.com\/noticias\/funcionarios-menores-de-la-4t-frenan-demandas-de-exportuariosalejandro-pulido\/","title":{"rendered":"FUNCIONARIOS MENORES DE LA 4T FRENAN  DEMANDAS DE EXPORTUARIOS:ALEJANDRO PULIDO"},"content":{"rendered":"\n<p><br><br>\u00b0Sirven a intereses de Carlos Salinas y Dante Delgado<br> responsables de la requisa al Puerto de Veracruz.<br>AUSENCIO RIVERA\/VOCESVER.COM\/NOTICIAS<br>Veracruz,Ver, a 01 de Diciembre 2921..No obstante a que el presidente de M\u00e9xico Andr\u00e9s Manuel L\u00f3pez Obrador nos ha atendido, hay funcionarios menores de la 4a-Tranformaci\u00f3n que est\u00e1n enquistados en algunas secretar\u00edas sirviendo a la mafia del poder y a intereses de Carlos Salina de Gortari y del ex gobernador de Veracruz Dante Delgado Rananuro. <br>Esto lo se\u00f1al\u00f3 Alejandro Pulido representante legal del Sindicato de Maniobristas del Puerto de Veracruz al encabezar por las principales calles del puerto la marcha por la Dignidad y la Justicia Portuaria y, que culmin\u00f3 con un plant\u00f3n frente a lo que era anteriormente las oficina de Servicios Portuarios de Veracruz(actualmente ASIPONA)<br>Al manifestar nosotros exigimos al presidente la Justicia a Nuestras Demandas, el declarante dijo hoy es un d\u00eda hist\u00f3rico \u201cporque vamos a llegar a las \u00faltimas consecuencias\u201d.<br>Por otro lado dijo que las barricadas que se instalar\u00f3n frente al ex edificio de SEPORVER  cuando se enterar\u00f3n las autoridades de su movilizaci\u00f3n son insulto a nosotros \u201cporque la verdad es que el Almirante debiera de entender que ese edificio donde est\u00e1 lo  constru\u00edmos nosotros. Fue un edificio exprofeso para Servicios Portuarios para la empresa de los trabajadores, para nosotros donde particip\u00e1bamos estibadores, checadores y maniobristas.<br>Siempre trabajamos y dimos servicio al puerto de Veracruz,\u00e9ramos el primer puerto de Am\u00e9rica, Latinoam\u00e9rica y de M\u00e9xico y uno de los principales del mundo. Hoy si el almirante tiene trabajo y tiene oficina ah\u00ed es gracias a lo que construyeron nuestros viejos, el edificio grande albergaba la Direcci\u00f3n de la Empresa de Servicios Portuarios y \u00e9ste edificio lo construimos posteriormente porque albergaba las oficinas administrativas de Servicios Portuarios y del Sindicato de Maniobristas, Carretilleros,Cargadores y donde participaban estibadores y checadores.<br>El no puede hacer esto, esto de las vallas es una ofensa, \u201cnosotros solo vinimos a exigir lo que nos corresponde, lo que por derecho es nuestro, realmente \u00e9l debe tener una pol\u00edtica y una atenci\u00f3n social para todos nosotros\u201d . A \u00e9l lo puso el presidente de la Rep\u00fablica, el Almirante Secretario es una persona decente y  siempre se ha comportado enrespaldo a las clase sociales y respeto a todos  los ciudadanos de M\u00e9xico.<br>Hoy venimos a exigirle  al Almirante que \u00e9l nos reciba as\u00ed como nos han recibido  funcionarios del SAT, del Seguro Social y con quienes hemos conciliado con ellos. Hoy queremos que \u00e9l nos reciba, aqu\u00ed nos vamos a quedar hasta que nos reciba y si en un momento dado no recibimos la atenci\u00f3n necesaria estas vallas no van a servir para nada y que act\u00faen y hagan lo que tengan que hacer porque nosotros venimos dispuestos a todo. <br>Cabe mencionar que despu\u00e9s de la protesta frente a ASIPONA, los exportuarios partieron en caravana rumbo a la Ciudad de M\u00e9xico.<br><br><br><br><br><br><br><br><br><br><br><br><br><br><br><br><br><br><br><br><br><br><br><br><br><br><br><br><br><br><br><br><br><br><br><\/p>\n","protected":false},"excerpt":{"rendered":"<p>\u00b0Sirven a intereses de Carlos Salinas y Dante Delgado responsables de la requisa al Puerto de Veracruz.AUSENCIO RIVERA\/VOCESVER.COM\/NOTICIASVeracruz,Ver, a 01<\/p>\n","protected":false},"author":2,"featured_media":32265,"comment_status":"open","ping_status":"open","sticky":false,"template":"","format":"standard","meta":{"colormag_page_container_layout":"default_layout","colormag_page_sidebar_layout":"default_layout","footnotes":""},"categories":[2],"tags":[],"class_list":["post-32256","post","type-post","status-publish","format-standard","has-post-thumbnail","hentry","category-infogral"],"_links":{"self":[{"href":"http:\/\/vocesver.com\/noticias\/wp-json\/wp\/v2\/posts\/32256","targetHints":{"allow":["GET"]}}],"collection":[{"href":"http:\/\/vocesver.com\/noticias\/wp-json\/wp\/v2\/posts"}],"about":[{"href":"http:\/\/vocesver.com\/noticias\/wp-json\/wp\/v2\/types\/post"}],"author":[{"embeddable":true,"href":"http:\/\/vocesver.com\/noticias\/wp-json\/wp\/v2\/users\/2"}],"replies":[{"embeddable":true,"href":"http:\/\/vocesver.com\/noticias\/wp-json\/wp\/v2\/comments?post=32256"}],"version-history":[{"count":2,"href":"http:\/\/vocesver.com\/noticias\/wp-json\/wp\/v2\/posts\/32256\/revisions"}],"predecessor-version":[{"id":32264,"href":"http:\/\/vocesver.com\/noticias\/wp-json\/wp\/v2\/posts\/32256\/revisions\/32264"}],"wp:featuredmedia":[{"embeddable":true,"href":"http:\/\/vocesver.com\/noticias\/wp-json\/wp\/v2\/media\/32265"}],"wp:attachment":[{"href":"http:\/\/vocesver.com\/noticias\/wp-json\/wp\/v2\/media?parent=32256"}],"wp:term":[{"taxonomy":"category","embeddable":true,"href":"http:\/\/vocesver.com\/noticias\/wp-json\/wp\/v2\/categories?post=32256"},{"taxonomy":"post_tag","embeddable":true,"href":"http:\/\/vocesver.com\/noticias\/wp-json\/wp\/v2\/tags?post=32256"}],"curies":[{"name":"wp","href":"https:\/\/api.w.org\/{rel}","templated":true}]}}