{"id":32250,"date":"2021-12-01T21:48:26","date_gmt":"2021-12-01T21:48:26","guid":{"rendered":"http:\/\/vocesver.com\/noticias\/?p=32250"},"modified":"2021-12-01T21:53:31","modified_gmt":"2021-12-01T21:53:31","slug":"comerciantes-esperan-repunte-en-ventas-de-mas-del-80-durante-la-temporada-decemrinarios-hernandez","status":"publish","type":"post","link":"http:\/\/vocesver.com\/noticias\/comerciantes-esperan-repunte-en-ventas-de-mas-del-80-durante-la-temporada-decemrinarios-hernandez\/","title":{"rendered":"COMERCIANTES ESPERAN REPUNTE EN VENTAS DE M\u00c1S DEL 80 %  DURANTE LA TEMPORADA DECEMRINA:R\u00cdOS HERN\u00c1NDEZ."},"content":{"rendered":"\n<p>\u00b0El pago de aguinaldos beneficia tanto a comerciantes <br>del interior como del exterior.<br>\u00b0Lo que m\u00e1s compran son productos navide\u00f1os y ropa para adultos y ni\u00f1os.<br>AUSENCIO RIVERA\/VOCESVER.COM\/NOTICIAS<br>Veracruz,Ver. A 1 de Diciembre 2021.-Comerciantes del Exterior del Mercado Unidad Veracruzana del municipio de Veracruz esperan un repunte en ventas de m\u00e1s de un 80 por ciento durante la temporada decembrina.<br>Lo anterior lo dio a conocer Armando R\u00edos Hern\u00e1ndez locatario del lugar y quien explic\u00f3 que este incremento se da porque en esta temporada mucha gente que reciben sus aguinaldos viene al mercado a surtir sus productos navide\u00f1os y dem\u00e1s para celebrar la Navidad y el Fin de A\u00f1o.<br>Con m\u00e1s de tres d\u00e9cadas de dedicarse al comercio, el entrevistado explic\u00f3 que adem\u00e1s de comprar productos navide\u00f1os en esta temporada mucha gente viene a este lugar a comprar ropa invernal y deportiva entre otras cosas. <br>Nosotros aprovechamos la temporada para dar un buen servicio a la clientela y sobre todo manejamos precios accesibles.<br>Para los comerciantes de este lugar es bueno que la gente \u00abnos prefiera para gastar sus aguinaldo en estas fechas\u00bb.<br>Dijo que la esperanza que ellos tienen es que las ventas sean mejor que durante la festividad de D\u00eda de Muertos .<\/p>\n\n\n\n<p>Finalmente dijo que desde ayer la mayor\u00eda de los comerciantes comenzaron a ver un  repunte en sus ventas, sin embargo se\u00f1al\u00f3 que el mayor repunte se espera durante la primera quincena de diciembre que es cuando se comienzan a pagar los aguinaldos a los trabajadores, <br><br><br><br><br><br><br><br><br><br><br><br><br><br><br><br><br><br><br><br><br><br><br><br><br><br><br><br><\/p>\n","protected":false},"excerpt":{"rendered":"<p>\u00b0El pago de aguinaldos beneficia tanto a comerciantes del interior como del exterior.\u00b0Lo que m\u00e1s compran son productos navide\u00f1os y<\/p>\n","protected":false},"author":2,"featured_media":32261,"comment_status":"open","ping_status":"open","sticky":false,"template":"","format":"standard","meta":{"colormag_page_container_layout":"default_layout","colormag_page_sidebar_layout":"default_layout","footnotes":""},"categories":[2],"tags":[],"class_list":["post-32250","post","type-post","status-publish","format-standard","has-post-thumbnail","hentry","category-infogral"],"_links":{"self":[{"href":"http:\/\/vocesver.com\/noticias\/wp-json\/wp\/v2\/posts\/32250","targetHints":{"allow":["GET"]}}],"collection":[{"href":"http:\/\/vocesver.com\/noticias\/wp-json\/wp\/v2\/posts"}],"about":[{"href":"http:\/\/vocesver.com\/noticias\/wp-json\/wp\/v2\/types\/post"}],"author":[{"embeddable":true,"href":"http:\/\/vocesver.com\/noticias\/wp-json\/wp\/v2\/users\/2"}],"replies":[{"embeddable":true,"href":"http:\/\/vocesver.com\/noticias\/wp-json\/wp\/v2\/comments?post=32250"}],"version-history":[{"count":3,"href":"http:\/\/vocesver.com\/noticias\/wp-json\/wp\/v2\/posts\/32250\/revisions"}],"predecessor-version":[{"id":32259,"href":"http:\/\/vocesver.com\/noticias\/wp-json\/wp\/v2\/posts\/32250\/revisions\/32259"}],"wp:featuredmedia":[{"embeddable":true,"href":"http:\/\/vocesver.com\/noticias\/wp-json\/wp\/v2\/media\/32261"}],"wp:attachment":[{"href":"http:\/\/vocesver.com\/noticias\/wp-json\/wp\/v2\/media?parent=32250"}],"wp:term":[{"taxonomy":"category","embeddable":true,"href":"http:\/\/vocesver.com\/noticias\/wp-json\/wp\/v2\/categories?post=32250"},{"taxonomy":"post_tag","embeddable":true,"href":"http:\/\/vocesver.com\/noticias\/wp-json\/wp\/v2\/tags?post=32250"}],"curies":[{"name":"wp","href":"https:\/\/api.w.org\/{rel}","templated":true}]}}