{"id":32246,"date":"2021-12-01T21:26:51","date_gmt":"2021-12-01T21:26:51","guid":{"rendered":"http:\/\/vocesver.com\/noticias\/?p=32246"},"modified":"2021-12-01T21:29:23","modified_gmt":"2021-12-01T21:29:23","slug":"celebramos-tres-anos-de-bienestar-para-todos-con-la-4t-ramirez-zepeta","status":"publish","type":"post","link":"http:\/\/vocesver.com\/noticias\/celebramos-tres-anos-de-bienestar-para-todos-con-la-4t-ramirez-zepeta\/","title":{"rendered":"Celebramos tres a\u00f1os de bienestar para todos con la 4T: Ram\u00edrez Zepeta"},"content":{"rendered":"\n<p><br><br>\u00b0Dirigente de Morena en Veracruz destaca respaldo del 71 por ciento de la poblaci\u00f3n al Presidente de M\u00e9xico.<br><br><br>AUSENCIO RIVERA\/VOCESVER.COM\/NOTICIAS<br><br>Ciudad de M\u00e9xico, 01 de diciembre de 2021.- A tres a\u00f1os de que iniciara la Cuarta Transformaci\u00f3n en M\u00e9xico y en varios estados del pa\u00eds, queda demostrado que la austeridad y trabajar \u201cpor el bien de todos, primero los pobres\u201d traen bienestar a la gente, declar\u00f3 el Delegado Estatal en funciones de Presidente del Movimiento de Regeneraci\u00f3n Nacional (Morena), Esteban Ram\u00edrez Zepeta.<br><br>Con motivo del tercer informe de gobierno del presidente Andr\u00e9s Manuel L\u00f3pez Obrador, el dirigente de Morena en Veracruz reconoci\u00f3 el trabajo y los resultados del mandatario subrayando que ha cumplido casi en su totalidad con sus compromisos de campa\u00f1a. <br><br>\u201cEs por eso que tiene todo el respaldo del pueblo de M\u00e9xico, tan solo hay que ver la encuesta que sali\u00f3 esta semana, una medici\u00f3n en la que el 71 por ciento de los mexicanos aprueban el gobierno del licenciado Andr\u00e9s Manuel L\u00f3pez Obrador\u201d, dijo. <br><br>\u201cY como lo he venido diciendo, a lo largo y ancho del estado, M\u00e9xico no solo tiene Presidente, el mundo ahora tiene un nuevo l\u00edder\u201d, manifest\u00f3, en relaci\u00f3n con la participaci\u00f3n de M\u00e9xico en el Consejo de Seguridad de la Organizaci\u00f3n de las Naciones Unidas. <br><br>Ram\u00edrez Zepeta record\u00f3 que en 2018 comenz\u00f3 este proyecto de naci\u00f3n no solo a nivel federal, sino desde las entidades del pa\u00eds, como fue el caso del estado de Veracruz. \u201cSe cumplen tres a\u00f1os de que llegaran los gobiernos de la Cuarta Transformaci\u00f3n, no solo en algunos estados, sino en todo el pa\u00eds y es de reconocer y celebrar el trabajo que ha realizado nuestro Presidente en estos tres a\u00f1os contra la corrupci\u00f3n\u201d, expres\u00f3. <br><br><br><br><br><br><br><br><br><br><br><br><br><br><br><br><br><br><br><br><br><br><br><br><br><br><br><br><br><br><br><\/p>\n","protected":false},"excerpt":{"rendered":"<p>\u00b0Dirigente de Morena en Veracruz destaca respaldo del 71 por ciento de la poblaci\u00f3n al Presidente de M\u00e9xico. AUSENCIO RIVERA\/VOCESVER.COM\/NOTICIAS<\/p>\n","protected":false},"author":2,"featured_media":32252,"comment_status":"open","ping_status":"open","sticky":false,"template":"","format":"standard","meta":{"colormag_page_container_layout":"default_layout","colormag_page_sidebar_layout":"default_layout","footnotes":""},"categories":[2],"tags":[],"class_list":["post-32246","post","type-post","status-publish","format-standard","has-post-thumbnail","hentry","category-infogral"],"_links":{"self":[{"href":"http:\/\/vocesver.com\/noticias\/wp-json\/wp\/v2\/posts\/32246","targetHints":{"allow":["GET"]}}],"collection":[{"href":"http:\/\/vocesver.com\/noticias\/wp-json\/wp\/v2\/posts"}],"about":[{"href":"http:\/\/vocesver.com\/noticias\/wp-json\/wp\/v2\/types\/post"}],"author":[{"embeddable":true,"href":"http:\/\/vocesver.com\/noticias\/wp-json\/wp\/v2\/users\/2"}],"replies":[{"embeddable":true,"href":"http:\/\/vocesver.com\/noticias\/wp-json\/wp\/v2\/comments?post=32246"}],"version-history":[{"count":2,"href":"http:\/\/vocesver.com\/noticias\/wp-json\/wp\/v2\/posts\/32246\/revisions"}],"predecessor-version":[{"id":32251,"href":"http:\/\/vocesver.com\/noticias\/wp-json\/wp\/v2\/posts\/32246\/revisions\/32251"}],"wp:featuredmedia":[{"embeddable":true,"href":"http:\/\/vocesver.com\/noticias\/wp-json\/wp\/v2\/media\/32252"}],"wp:attachment":[{"href":"http:\/\/vocesver.com\/noticias\/wp-json\/wp\/v2\/media?parent=32246"}],"wp:term":[{"taxonomy":"category","embeddable":true,"href":"http:\/\/vocesver.com\/noticias\/wp-json\/wp\/v2\/categories?post=32246"},{"taxonomy":"post_tag","embeddable":true,"href":"http:\/\/vocesver.com\/noticias\/wp-json\/wp\/v2\/tags?post=32246"}],"curies":[{"name":"wp","href":"https:\/\/api.w.org\/{rel}","templated":true}]}}