{"id":32242,"date":"2021-12-01T21:15:13","date_gmt":"2021-12-01T21:15:13","guid":{"rendered":"http:\/\/vocesver.com\/noticias\/?p=32242"},"modified":"2021-12-01T21:23:29","modified_gmt":"2021-12-01T21:23:29","slug":"urbaniza-morelli-a-paso-colorado","status":"publish","type":"post","link":"http:\/\/vocesver.com\/noticias\/urbaniza-morelli-a-paso-colorado\/","title":{"rendered":"Urbaniza Morelli a Paso Colorado"},"content":{"rendered":"\n<p><br><br><br>AUSENCIO RIVERA\/VOCESVER.COM\/NOTICIAS<br> <br>BOC.A DEL R\u00cdO,VER,.- A 1 DE DICIEMBRE 2021.- <br>*Atiende el alcalde de Boca del R\u00edo a la comunidad que carec\u00eda de obras de pavimentaci\u00f3n  para que se d\u00e9 continuidad a toda la comunidad en los pr\u00f3ximos a\u00f1os. <br><br> <br><br>*Invierten 4.5 millones, fueron pavimentados 4, 105 metros cuadrados, 1, 248 metros lineales de guarniciones, 861 metros cuadrados de banquetas y 40 rampas de concreto para mejorar las condiciones y el patrimonio de los ciudadanos. <br><br> <br><br>Considerada de una de las obras m\u00e1s importantes de la administraci\u00f3n,  el presidente municipal Boca del R\u00edo, Humberto Alonso Morelli, inaugur\u00f3 la primera obra de urbanizaci\u00f3n en la localidad de Paso Colorado como inicio del proceso de mejora que deja su gobierno para el desarrollo de la comunidad. <br><br> <br><br>En el evento estuvieron presentes Iliana Le\u00f3n Huesca, S\u00edndica \u00danica de Boca del R\u00edo; regidora Octava con la comisi\u00f3n de Obras P\u00fablicas de Boca del R\u00edo; Esther Cruz Hern\u00e1ndez;  Julio C\u00e9sar Torres, director de Obras P\u00fablicas; Daniel Velasco Gonz\u00e1lez, director de Participaci\u00f3n Ciudadana; Juan Carlos Castellanos, director de Atenci\u00f3n Ciudadana y Mar\u00eda Serrano P\u00e9rez, representante de familias de Paso Colorado quienes recorrieron toda la calle pavimentada y agradecieron la entrega de esta obra. <br><br> <br><br>Morelli explic\u00f3 que para la urbanizaci\u00f3n se hizo un trazo de nivelaci\u00f3n al terreno con un equipo topogr\u00e1fico, se construy\u00f3 una base hidr\u00e1ulica de 20 cent\u00edmetros de espesor para dar soporte y recibir la carpeta asf\u00e1ltica, con una inversi\u00f3n de un aproximado de 4.5 millones de pesos.  <br><br> <br><br>El alcalde de la ciudad, dijo  que se construyeron 4,105 metros cuadrados de base de pavimento asf\u00e1ltico;  1,248 metros lineales de guarniciones de concreto;  861 metros cuadrados de banquetas de concreto y 40 rampas de concreto armado para personas con capacidades diferentes. <br><br> <br><br>Adem\u00e1s se pint\u00f3 toda la vialidad,  se instalaron 630 metros lineales de cableado el\u00e9ctrico, 21 postes met\u00e1licos galvanizados con luminarias led de \u00faltima generaci\u00f3n, se incluyeron registros, contactores y tierra f\u00edsica.  <br><br> <br><br>Por su parte la representante de las familias de Paso Colorado, Mar\u00eda Serrano P\u00e9rez agradeci\u00f3 la obra realizada en el lugar \u201choy es un d\u00eda especial para nosotros, estamos inaugurando la tan esperada pavimentaci\u00f3n de esta comunidad, muchas gracias por el esfuerzo y dedicaci\u00f3n\u201d. <br><br> <br><br>Al respecto, el alcalde de la ciudad asegur\u00f3 que toda la obra p\u00fablica hecha en el municipio tiene el fin de cambiar las vidas de las personas, mejorando las condiciones propias del lugar y el patrimonio de los ciudadanos. <br><br> <br><br>Humberto Alonso Morelli dijo que a lo largo de su administraci\u00f3n en el municipio se realizaron acciones sociales, de salud, desarrollo social, adem\u00e1s, se entregaron apoyos educativos, de recreaci\u00f3n y esparcimiento, con el objetivo de promover el progreso de la ciudad en diferentes aspectos..<br><br><br><br>  <br><br><br><br><br><br><br><br><br><br><br><br><br><br><br><br><br><br><br><br><br><br><br><br><br><br><br><br><br><br><br><br><br><br><br><br><br><br><br><\/p>\n","protected":false},"excerpt":{"rendered":"<p>AUSENCIO RIVERA\/VOCESVER.COM\/NOTICIAS BOC.A DEL R\u00cdO,VER,.- A 1 DE DICIEMBRE 2021.- *Atiende el alcalde de Boca del R\u00edo a la comunidad<\/p>\n","protected":false},"author":2,"featured_media":32248,"comment_status":"open","ping_status":"open","sticky":false,"template":"","format":"standard","meta":{"colormag_page_container_layout":"default_layout","colormag_page_sidebar_layout":"default_layout","footnotes":""},"categories":[2],"tags":[],"class_list":["post-32242","post","type-post","status-publish","format-standard","has-post-thumbnail","hentry","category-infogral"],"_links":{"self":[{"href":"http:\/\/vocesver.com\/noticias\/wp-json\/wp\/v2\/posts\/32242","targetHints":{"allow":["GET"]}}],"collection":[{"href":"http:\/\/vocesver.com\/noticias\/wp-json\/wp\/v2\/posts"}],"about":[{"href":"http:\/\/vocesver.com\/noticias\/wp-json\/wp\/v2\/types\/post"}],"author":[{"embeddable":true,"href":"http:\/\/vocesver.com\/noticias\/wp-json\/wp\/v2\/users\/2"}],"replies":[{"embeddable":true,"href":"http:\/\/vocesver.com\/noticias\/wp-json\/wp\/v2\/comments?post=32242"}],"version-history":[{"count":2,"href":"http:\/\/vocesver.com\/noticias\/wp-json\/wp\/v2\/posts\/32242\/revisions"}],"predecessor-version":[{"id":32247,"href":"http:\/\/vocesver.com\/noticias\/wp-json\/wp\/v2\/posts\/32242\/revisions\/32247"}],"wp:featuredmedia":[{"embeddable":true,"href":"http:\/\/vocesver.com\/noticias\/wp-json\/wp\/v2\/media\/32248"}],"wp:attachment":[{"href":"http:\/\/vocesver.com\/noticias\/wp-json\/wp\/v2\/media?parent=32242"}],"wp:term":[{"taxonomy":"category","embeddable":true,"href":"http:\/\/vocesver.com\/noticias\/wp-json\/wp\/v2\/categories?post=32242"},{"taxonomy":"post_tag","embeddable":true,"href":"http:\/\/vocesver.com\/noticias\/wp-json\/wp\/v2\/tags?post=32242"}],"curies":[{"name":"wp","href":"https:\/\/api.w.org\/{rel}","templated":true}]}}