{"id":32237,"date":"2021-12-01T01:43:06","date_gmt":"2021-12-01T01:43:06","guid":{"rendered":"http:\/\/vocesver.com\/noticias\/?p=32237"},"modified":"2021-12-01T01:45:40","modified_gmt":"2021-12-01T01:45:40","slug":"proceso-electoral-por-alcaldia-de-veracruz-no-ha-concluido-ramirez-zepeta","status":"publish","type":"post","link":"http:\/\/vocesver.com\/noticias\/proceso-electoral-por-alcaldia-de-veracruz-no-ha-concluido-ramirez-zepeta\/","title":{"rendered":"Proceso electoral por alcald\u00eda de Veracruz no ha concluido: Ram\u00edrez Zepeta"},"content":{"rendered":"\n<p><br><br><br><br><br><br><br>  Lamenta dirigente estatal de Morena resoluci\u00f3n del INE sobre gastos de campa\u00f1a de Miguel \u00c1ngel Yunes M\u00e1rquez y Patricia Lobeira Rodr\u00edguez.<br><br>AUSENCIO RIVERA\/VOCESVER.COM\/NOTICIAS<br><br>Xalapa, Ver., 30 de noviembre de 2021.- El Instituto Nacional Electoral (INE), nuevamente, demuestra que es omiso con los fraudes electorales, se\u00f1al\u00f3 el Delegado Estatal en funciones de Presidente del Movimiento de Regeneraci\u00f3n Nacional (Morena), afirmando que continuar\u00e1n sus esfuerzos para que se respete la voluntad del pueblo en la ciudad de Veracruz.<br><br>El dirigente de Morena en la entidad expres\u00f3 que \u201ccomo siempre, el INE se hace de la vista gorda con los fraudes electorales\u201d, luego de que el Consejo General del INE resolvi\u00f3 que Miguel \u00c1ngel Yunes M\u00e1rquez y Patricia Lobeira Rodr\u00edguez no rebasaron los topes de campa\u00f1a para la alcald\u00eda de Veracruz.<br><br>Esteban Ram\u00edrez Zepeta reiter\u00f3 que el proceso para determinar la validez de las votaciones en la ciudad de Veracruz contin\u00faa abierto, pues el rebase de los gastos de campa\u00f1a permitidos son solo una de varias anomal\u00edas que Morena ha se\u00f1alado con pruebas ante los organismos electorales.<br><br>\u201cEste es un proceso que continuar\u00e1 en el Tribunal Electoral del estado y estamos seguros de que se respetar\u00e1 la voluntad popular. Existen las evidencias y se ha documentado que en las elecciones municipales de Veracruz la oposici\u00f3n incurri\u00f3 en irregularidades\u201d, dijo.<br><br>Record\u00f3, adem\u00e1s, que su partido estar\u00e1 presentando un recurso de apelaci\u00f3n contra la resoluci\u00f3n del Organismo P\u00fablico Local Electoral (OPLE) que determin\u00f3 que no proced\u00eda remover al presidente del Consejo Municipal del OPLE en la ciudad de Veracruz, a pesar de que valid\u00f3 actas de escrutinio y c\u00f3mputo solo con copias notariadas, contraviniendo el debido proceso electoral. <br><br><br><br><br><br><br><br><br><br><br><br><br><br><br><br><br><br><br><br><br><br><br><br><br><br><br><br><br><br><br><br><br><br><br><\/p>\n","protected":false},"excerpt":{"rendered":"<p>Lamenta dirigente estatal de Morena resoluci\u00f3n del INE sobre gastos de campa\u00f1a de Miguel \u00c1ngel Yunes M\u00e1rquez y Patricia Lobeira<\/p>\n","protected":false},"author":2,"featured_media":32244,"comment_status":"open","ping_status":"open","sticky":false,"template":"","format":"standard","meta":{"colormag_page_container_layout":"default_layout","colormag_page_sidebar_layout":"default_layout","footnotes":""},"categories":[4],"tags":[],"class_list":["post-32237","post","type-post","status-publish","format-standard","has-post-thumbnail","hentry","category-estatal"],"_links":{"self":[{"href":"http:\/\/vocesver.com\/noticias\/wp-json\/wp\/v2\/posts\/32237","targetHints":{"allow":["GET"]}}],"collection":[{"href":"http:\/\/vocesver.com\/noticias\/wp-json\/wp\/v2\/posts"}],"about":[{"href":"http:\/\/vocesver.com\/noticias\/wp-json\/wp\/v2\/types\/post"}],"author":[{"embeddable":true,"href":"http:\/\/vocesver.com\/noticias\/wp-json\/wp\/v2\/users\/2"}],"replies":[{"embeddable":true,"href":"http:\/\/vocesver.com\/noticias\/wp-json\/wp\/v2\/comments?post=32237"}],"version-history":[{"count":2,"href":"http:\/\/vocesver.com\/noticias\/wp-json\/wp\/v2\/posts\/32237\/revisions"}],"predecessor-version":[{"id":32243,"href":"http:\/\/vocesver.com\/noticias\/wp-json\/wp\/v2\/posts\/32237\/revisions\/32243"}],"wp:featuredmedia":[{"embeddable":true,"href":"http:\/\/vocesver.com\/noticias\/wp-json\/wp\/v2\/media\/32244"}],"wp:attachment":[{"href":"http:\/\/vocesver.com\/noticias\/wp-json\/wp\/v2\/media?parent=32237"}],"wp:term":[{"taxonomy":"category","embeddable":true,"href":"http:\/\/vocesver.com\/noticias\/wp-json\/wp\/v2\/categories?post=32237"},{"taxonomy":"post_tag","embeddable":true,"href":"http:\/\/vocesver.com\/noticias\/wp-json\/wp\/v2\/tags?post=32237"}],"curies":[{"name":"wp","href":"https:\/\/api.w.org\/{rel}","templated":true}]}}