{"id":32232,"date":"2021-12-01T01:36:33","date_gmt":"2021-12-01T01:36:33","guid":{"rendered":"http:\/\/vocesver.com\/noticias\/?p=32232"},"modified":"2021-12-01T01:39:25","modified_gmt":"2021-12-01T01:39:25","slug":"la-eleccion-de-veracruz-aun-no-esta-definida-exsome","status":"publish","type":"post","link":"http:\/\/vocesver.com\/noticias\/la-eleccion-de-veracruz-aun-no-esta-definida-exsome\/","title":{"rendered":"La elecci\u00f3n de Veracruz a\u00fan no est\u00e1 definida: Exsome"},"content":{"rendered":"\n<p><br><br><br><br><br><br>*La raz\u00f3n, la justicia y el apoyo de miles de veracruzanos nos respaldan<br><br><br><br><br>AUSENCIO RIVERA\/VOCESVER.COM\/NOTICIAS<br>Ciudad de M\u00e9xico, 30 de noviembre de 2021.- El Instituto Nacional Electoral (INE) reconoci\u00f3 que el Partido Acci\u00f3n Nacional (PAN), le minti\u00f3 en su reporte de gastos de campa\u00f1a, afirm\u00f3 el candidato a la alcald\u00eda de Veracruz por la Coalici\u00f3n \u00abJuntos Haremos Historia en Veracruz\u00bb, Ricardo Exsome Zapata.<br><br>Expres\u00f3 \u201ctuvimos que acudir a tres instancias legales para que obligaran al INE a reconocer la marcha del 23 de mayo, como un acto de campa\u00f1a y eso fue lo que ocurri\u00f3\u201d.<br><br>\u201cCon lo que no estamos de acuerdo, es que le hayan asignado a esa marcha de 20 mil personas, un rid\u00edculo valor de 97 mil pesos, lo que es inaceptable. Eso tambi\u00e9n lo vamos a impugnar\u201d, destac\u00f3.<br><br>Abund\u00f3, \u201cy como ese, 52 eventos m\u00e1s que a\u00fan no fueron reportados por el PAN y que han sido cuantificados, por lo que tambi\u00e9n vamos a impugnar eso ante la Sala Regional con sede en Xalapa, Veracruz, del Tribunal Electoral del Poder Judicial de la Federaci\u00f3n (TEPJF)\u201d.<br><br>Destac\u00f3 que hubo victoria un\u00e1nime 11-0 que mintieron; el evento de la marcha del 23 de mayo fue considerado un evento de campa\u00f1a. Pretend\u00edan enga\u00f1ar al INE y no lo lograron.<br><br>Esto a\u00fan no termina. Sabemos contra quien nos estamos enfrentando, pero estamos convencidos que la raz\u00f3n, la justicia y el apoyo de miles de veracruzanos nos respaldan, reiter\u00f3 el candidato a la alcald\u00eda de Veracruz por la Coalici\u00f3n \u00abJuntos Haremos Historia en Veracruz\u00bb, Ricardo Exsome Zapata.<br><br><br><br><br><br><br><br><br><br><br><br><br><br><br><br><br><br><br><br><br><br><br><br><br><br><br><br><br><br><br><br><br><\/p>\n","protected":false},"excerpt":{"rendered":"<p>*La raz\u00f3n, la justicia y el apoyo de miles de veracruzanos nos respaldan AUSENCIO RIVERA\/VOCESVER.COM\/NOTICIASCiudad de M\u00e9xico, 30 de noviembre<\/p>\n","protected":false},"author":2,"featured_media":32239,"comment_status":"open","ping_status":"open","sticky":false,"template":"","format":"standard","meta":{"colormag_page_container_layout":"default_layout","colormag_page_sidebar_layout":"default_layout","footnotes":""},"categories":[2],"tags":[],"class_list":["post-32232","post","type-post","status-publish","format-standard","has-post-thumbnail","hentry","category-infogral"],"_links":{"self":[{"href":"http:\/\/vocesver.com\/noticias\/wp-json\/wp\/v2\/posts\/32232","targetHints":{"allow":["GET"]}}],"collection":[{"href":"http:\/\/vocesver.com\/noticias\/wp-json\/wp\/v2\/posts"}],"about":[{"href":"http:\/\/vocesver.com\/noticias\/wp-json\/wp\/v2\/types\/post"}],"author":[{"embeddable":true,"href":"http:\/\/vocesver.com\/noticias\/wp-json\/wp\/v2\/users\/2"}],"replies":[{"embeddable":true,"href":"http:\/\/vocesver.com\/noticias\/wp-json\/wp\/v2\/comments?post=32232"}],"version-history":[{"count":3,"href":"http:\/\/vocesver.com\/noticias\/wp-json\/wp\/v2\/posts\/32232\/revisions"}],"predecessor-version":[{"id":32240,"href":"http:\/\/vocesver.com\/noticias\/wp-json\/wp\/v2\/posts\/32232\/revisions\/32240"}],"wp:featuredmedia":[{"embeddable":true,"href":"http:\/\/vocesver.com\/noticias\/wp-json\/wp\/v2\/media\/32239"}],"wp:attachment":[{"href":"http:\/\/vocesver.com\/noticias\/wp-json\/wp\/v2\/media?parent=32232"}],"wp:term":[{"taxonomy":"category","embeddable":true,"href":"http:\/\/vocesver.com\/noticias\/wp-json\/wp\/v2\/categories?post=32232"},{"taxonomy":"post_tag","embeddable":true,"href":"http:\/\/vocesver.com\/noticias\/wp-json\/wp\/v2\/tags?post=32232"}],"curies":[{"name":"wp","href":"https:\/\/api.w.org\/{rel}","templated":true}]}}