{"id":32164,"date":"2021-11-27T21:30:32","date_gmt":"2021-11-27T21:30:32","guid":{"rendered":"http:\/\/vocesver.com\/noticias\/?p=32164"},"modified":"2021-11-27T21:42:16","modified_gmt":"2021-11-27T21:42:16","slug":"que-diputados-y-el-pueblo-aprueben-la-reforma-electrica-de-amlosagal-ramirez","status":"publish","type":"post","link":"http:\/\/vocesver.com\/noticias\/que-diputados-y-el-pueblo-aprueben-la-reforma-electrica-de-amlosagal-ramirez\/","title":{"rendered":"QUE DIPUTADOS Y EL PUEBLO APRUEBEN LA REFORMA  EL\u00c9CTRICA DE AMLO:SAGAL RAM\u00cdREZ"},"content":{"rendered":"\n<p><br>\u00b0Se reuni\u00f3 en el  Z\u00f3calo de Veracruz con fundadores<br> de MORENA y militantes activos.<br><br>AUSENCIO RIVERA\/VOCESVER.COM\/NOTICIAS<br><br>Veracruz,Ver.- a 27 de Noviembre 2021.- En estos momentos estamos enfocando bater\u00edas en el respaldo a la Reforma El\u00e9ctrica que impulsa el presidente de M\u00e9xico Andr\u00e9s Manuel L\u00f3pez Obrador y que est\u00e1 en manos de los diputados sacarla adelante para que pase al Senado y se pueda hacer la reforma Constitucional.<br>Esto lo manifest\u00f3 X\u00f3chilt Sagal Ram\u00edrez secretaria de Organizaci\u00f3n del CEN de MORENA en el marco de la reuni\u00f3n que presidi\u00f3 en el Z\u00f3calo de Veracruz con fundadores del partido y militantes activos de diversos municipios del Estado de Veracruz.<br>Acompa\u00f1ada de H\u00e9ctor Quintanar Garc\u00eda la joven dirigente del partido Morena destac\u00f3 que en esta reforma se est\u00e1 recuperando la rector\u00eda del Estado en la generaci\u00f3n de energ\u00edas limpias que es la industria hidroel\u00e9ctrica o la generaci\u00f3n de energ\u00eda por la v\u00eda solar o geot\u00e9rmica.<br>Puntualiz\u00f3 que esto es muy importante porque la rector\u00eda del Estado en materia energ\u00e9tica nos brinda soberan\u00eda y eso es algo que nuestro movimiento siempre ha proclamado.<br>Por ello es fundamental que se de este paso, pero les quiero informar que no tenemos mayor\u00eda calificada a\u00fan sumando a diputados de Morena y a los aliados(Partido Verde y PT). <br>Asimismo exhort\u00f3 a diputados y a la base del pueblo a aprobar e impulsar dicha iniciativa para el beneficio del pa\u00eds. <br>Pidi\u00f3 tambi\u00e9n que la poblaci\u00f3n exija a representantes populares que es lo que quieren respecto a la industria el\u00e9ctrica, al tiempo que explico que esta reforma propone que la CFE  sea responsable de la producci\u00f3n del 56 % de la energ\u00eda el\u00e9ctrica para que tenga la soberan\u00eda y pueda generar los costos, que no se encarezca la luz en los domicilios, que tengamos totalmente la soberan\u00eda del pa\u00eds y que las industrias privadas sigan teniendo manera de generar pero que no sean los productores mayoritarios. Sino que ahora que es nuestra empresa se convierta en un sector estr\u00e1t\u00e9gico para el desarrollo de nuestra naci\u00f3n.<br>Al evento acudi\u00f3 el C.P. Jos\u00e9 Reyes Cruz militante activo de MORENA del puerto de Veracruz.<br><br><br><br><br><br><br><br><br><br><br><br><br><br><br><br><br><br><br><br><br><br><br><br><br><br><br><br><\/p>\n","protected":false},"excerpt":{"rendered":"<p>\u00b0Se reuni\u00f3 en el Z\u00f3calo de Veracruz con fundadores de MORENA y militantes activos. AUSENCIO RIVERA\/VOCESVER.COM\/NOTICIAS Veracruz,Ver.- a 27 de<\/p>\n","protected":false},"author":2,"featured_media":32171,"comment_status":"open","ping_status":"open","sticky":false,"template":"","format":"standard","meta":{"colormag_page_container_layout":"default_layout","colormag_page_sidebar_layout":"default_layout","footnotes":""},"categories":[2],"tags":[],"class_list":["post-32164","post","type-post","status-publish","format-standard","has-post-thumbnail","hentry","category-infogral"],"_links":{"self":[{"href":"http:\/\/vocesver.com\/noticias\/wp-json\/wp\/v2\/posts\/32164","targetHints":{"allow":["GET"]}}],"collection":[{"href":"http:\/\/vocesver.com\/noticias\/wp-json\/wp\/v2\/posts"}],"about":[{"href":"http:\/\/vocesver.com\/noticias\/wp-json\/wp\/v2\/types\/post"}],"author":[{"embeddable":true,"href":"http:\/\/vocesver.com\/noticias\/wp-json\/wp\/v2\/users\/2"}],"replies":[{"embeddable":true,"href":"http:\/\/vocesver.com\/noticias\/wp-json\/wp\/v2\/comments?post=32164"}],"version-history":[{"count":3,"href":"http:\/\/vocesver.com\/noticias\/wp-json\/wp\/v2\/posts\/32164\/revisions"}],"predecessor-version":[{"id":32173,"href":"http:\/\/vocesver.com\/noticias\/wp-json\/wp\/v2\/posts\/32164\/revisions\/32173"}],"wp:featuredmedia":[{"embeddable":true,"href":"http:\/\/vocesver.com\/noticias\/wp-json\/wp\/v2\/media\/32171"}],"wp:attachment":[{"href":"http:\/\/vocesver.com\/noticias\/wp-json\/wp\/v2\/media?parent=32164"}],"wp:term":[{"taxonomy":"category","embeddable":true,"href":"http:\/\/vocesver.com\/noticias\/wp-json\/wp\/v2\/categories?post=32164"},{"taxonomy":"post_tag","embeddable":true,"href":"http:\/\/vocesver.com\/noticias\/wp-json\/wp\/v2\/tags?post=32164"}],"curies":[{"name":"wp","href":"https:\/\/api.w.org\/{rel}","templated":true}]}}