{"id":32155,"date":"2021-11-27T19:30:52","date_gmt":"2021-11-27T19:30:52","guid":{"rendered":"http:\/\/vocesver.com\/noticias\/?p=32155"},"modified":"2021-11-27T19:33:17","modified_gmt":"2021-11-27T19:33:17","slug":"en-2024-habra-gobernadora-en-veracruz-ramirez-zepeta","status":"publish","type":"post","link":"http:\/\/vocesver.com\/noticias\/en-2024-habra-gobernadora-en-veracruz-ramirez-zepeta\/","title":{"rendered":"En 2024, habr\u00e1 gobernadora en Veracruz: Ram\u00edrez Zepeta"},"content":{"rendered":"\n<p><br><br><br><br><br>\u00b0 Militancia del distrito federal 11 Coatzacoalcos refrenda respaldo al proyecto de naci\u00f3n de la Cuarta Transformaci\u00f3n.<br><br>REDACCI\u00d3N\/VOCESVER.COM\/NOTICIAS<br><br><br>Agua Dulce, Ver., 27 de noviembre de 2021.- Reiterando que es el tiempo de las mujeres, el Delegado Estatal en funciones de Presidente del Movimiento de Regeneraci\u00f3n Nacional (Morena), Esteban Ram\u00edrez Zepeta, afirm\u00f3 que en 2024 la entidad veracruzana ser\u00e1 gobernada por una mujer.<br><br>\u00abEn el 24 habr\u00e1 gobernadora en Veracruz, que lo escuchen bien y que lo escuchen fuerte: ya es momento de las mujeres, es momento de que se les d\u00e9 el espacio que les corresponde\u00bb, expres\u00f3 el dirigente de Morena en la reuni\u00f3n informativa sobre los trabajos de organizaci\u00f3n con la militancia del distrito federal 11 Coatzacoalcos.<br><br>Afirm\u00f3 que, para conseguir que la Cuarta Transformaci\u00f3n contin\u00fae en el estado de Veracruz, el movimiento debe retomar el trabajo que les di\u00f3 origen, en favor de las causas justas y sociales. \u00abTenemos que seguir construyendo nuestro futuro como movimiento. Dejemos a un lado el tema partidista, es hora del tema social, que regrese nuestra esencia\u00bb, expres\u00f3 el dirigente de Morena en el estado.<br><br>Finalmente, reiter\u00f3 la invitaci\u00f3n a la militancia y simpatizantes a respaldar al Presidente de la Rep\u00fablica en el tercer aniversario del inicio de su gobierno en el Z\u00f3calo de la Ciudad de M\u00e9xico. \u00abHay que organizarnos para estar presentes en el Z\u00f3calo, porque recordemos que no hay un dirigente sin militancia, pero tampoco un l\u00edder sin pueblo\u00bb, mencion\u00f3.<br><br><br><br><br><br><br><br><br><br><br><br><br><br><br><br><br><br><br><br><br><br><br><br><br><br><br><br><br><br><br><br><br><\/p>\n","protected":false},"excerpt":{"rendered":"<p>\u00b0 Militancia del distrito federal 11 Coatzacoalcos refrenda respaldo al proyecto de naci\u00f3n de la Cuarta Transformaci\u00f3n. REDACCI\u00d3N\/VOCESVER.COM\/NOTICIAS Agua Dulce,<\/p>\n","protected":false},"author":2,"featured_media":32162,"comment_status":"open","ping_status":"open","sticky":false,"template":"","format":"standard","meta":{"colormag_page_container_layout":"default_layout","colormag_page_sidebar_layout":"default_layout","footnotes":""},"categories":[4],"tags":[],"class_list":["post-32155","post","type-post","status-publish","format-standard","has-post-thumbnail","hentry","category-estatal"],"_links":{"self":[{"href":"http:\/\/vocesver.com\/noticias\/wp-json\/wp\/v2\/posts\/32155","targetHints":{"allow":["GET"]}}],"collection":[{"href":"http:\/\/vocesver.com\/noticias\/wp-json\/wp\/v2\/posts"}],"about":[{"href":"http:\/\/vocesver.com\/noticias\/wp-json\/wp\/v2\/types\/post"}],"author":[{"embeddable":true,"href":"http:\/\/vocesver.com\/noticias\/wp-json\/wp\/v2\/users\/2"}],"replies":[{"embeddable":true,"href":"http:\/\/vocesver.com\/noticias\/wp-json\/wp\/v2\/comments?post=32155"}],"version-history":[{"count":2,"href":"http:\/\/vocesver.com\/noticias\/wp-json\/wp\/v2\/posts\/32155\/revisions"}],"predecessor-version":[{"id":32161,"href":"http:\/\/vocesver.com\/noticias\/wp-json\/wp\/v2\/posts\/32155\/revisions\/32161"}],"wp:featuredmedia":[{"embeddable":true,"href":"http:\/\/vocesver.com\/noticias\/wp-json\/wp\/v2\/media\/32162"}],"wp:attachment":[{"href":"http:\/\/vocesver.com\/noticias\/wp-json\/wp\/v2\/media?parent=32155"}],"wp:term":[{"taxonomy":"category","embeddable":true,"href":"http:\/\/vocesver.com\/noticias\/wp-json\/wp\/v2\/categories?post=32155"},{"taxonomy":"post_tag","embeddable":true,"href":"http:\/\/vocesver.com\/noticias\/wp-json\/wp\/v2\/tags?post=32155"}],"curies":[{"name":"wp","href":"https:\/\/api.w.org\/{rel}","templated":true}]}}