{"id":32147,"date":"2021-11-26T21:36:52","date_gmt":"2021-11-26T21:36:52","guid":{"rendered":"http:\/\/vocesver.com\/noticias\/?p=32147"},"modified":"2021-11-26T21:42:45","modified_gmt":"2021-11-26T21:42:45","slug":"hasta-este-viernes-continuaba-en-veracruz-la-consulta-nacional-a-favor-de-amlo","status":"publish","type":"post","link":"http:\/\/vocesver.com\/noticias\/hasta-este-viernes-continuaba-en-veracruz-la-consulta-nacional-a-favor-de-amlo\/","title":{"rendered":"HASTA ESTE VIERNES CONTINUABA EN VERACRUZ LA CONSULTA NACIONAL A FAVOR DE AMLO"},"content":{"rendered":"\n<p>REDACCI\u00d3N\/VOCESVER.COM\/NOTICIAS<br><br>Veracruz,Ver,. A 26 de Noviembre 2021.- El m\u00f3dulo que se instal\u00f3 en el Z\u00f3calo de Veracruz sobre la consulta que se est\u00e1 haciendo para que AMLO siga gobernando al pa\u00eds ha sido un \u00e9xito porque un gran n\u00famero de veracruzanos ha acudido a depositar su firma dijo el C,P Jos\u00e9 Reyes Cruz uno de los brigadistas que participa en esta cruzada. Foto AUSENCIO RIVERA,<br><br><br><br><br><br><br><br><br><br><br><br><br><br><br><br><br><br><br><br><br><br><br><br><br><br><br><br><br><br><br><br><br><\/p>\n","protected":false},"excerpt":{"rendered":"<p>REDACCI\u00d3N\/VOCESVER.COM\/NOTICIAS Veracruz,Ver,. A 26 de Noviembre 2021.- El m\u00f3dulo que se instal\u00f3 en el Z\u00f3calo de Veracruz sobre la consulta<\/p>\n","protected":false},"author":2,"featured_media":32158,"comment_status":"open","ping_status":"open","sticky":false,"template":"","format":"standard","meta":{"colormag_page_container_layout":"default_layout","colormag_page_sidebar_layout":"default_layout","footnotes":""},"categories":[2],"tags":[],"class_list":["post-32147","post","type-post","status-publish","format-standard","has-post-thumbnail","hentry","category-infogral"],"_links":{"self":[{"href":"http:\/\/vocesver.com\/noticias\/wp-json\/wp\/v2\/posts\/32147","targetHints":{"allow":["GET"]}}],"collection":[{"href":"http:\/\/vocesver.com\/noticias\/wp-json\/wp\/v2\/posts"}],"about":[{"href":"http:\/\/vocesver.com\/noticias\/wp-json\/wp\/v2\/types\/post"}],"author":[{"embeddable":true,"href":"http:\/\/vocesver.com\/noticias\/wp-json\/wp\/v2\/users\/2"}],"replies":[{"embeddable":true,"href":"http:\/\/vocesver.com\/noticias\/wp-json\/wp\/v2\/comments?post=32147"}],"version-history":[{"count":3,"href":"http:\/\/vocesver.com\/noticias\/wp-json\/wp\/v2\/posts\/32147\/revisions"}],"predecessor-version":[{"id":32157,"href":"http:\/\/vocesver.com\/noticias\/wp-json\/wp\/v2\/posts\/32147\/revisions\/32157"}],"wp:featuredmedia":[{"embeddable":true,"href":"http:\/\/vocesver.com\/noticias\/wp-json\/wp\/v2\/media\/32158"}],"wp:attachment":[{"href":"http:\/\/vocesver.com\/noticias\/wp-json\/wp\/v2\/media?parent=32147"}],"wp:term":[{"taxonomy":"category","embeddable":true,"href":"http:\/\/vocesver.com\/noticias\/wp-json\/wp\/v2\/categories?post=32147"},{"taxonomy":"post_tag","embeddable":true,"href":"http:\/\/vocesver.com\/noticias\/wp-json\/wp\/v2\/tags?post=32147"}],"curies":[{"name":"wp","href":"https:\/\/api.w.org\/{rel}","templated":true}]}}