{"id":32143,"date":"2021-11-26T21:22:31","date_gmt":"2021-11-26T21:22:31","guid":{"rendered":"http:\/\/vocesver.com\/noticias\/?p=32143"},"modified":"2021-11-26T21:28:51","modified_gmt":"2021-11-26T21:28:51","slug":"segundo-tribunal-colegiado-ordena-a-tenaris-tamsa-la-reisntalacion-de-mas-de-300-obreros-despedidosguevara-morenao","status":"publish","type":"post","link":"http:\/\/vocesver.com\/noticias\/segundo-tribunal-colegiado-ordena-a-tenaris-tamsa-la-reisntalacion-de-mas-de-300-obreros-despedidosguevara-morenao\/","title":{"rendered":"SEGUNDO TRIBUNAL COLEGIADO ORDENA A TENARIS-TAMSA LA  REISNTALACI\u00d3N DE M\u00c1S DE 300 OBREROS DESPEDIDOS:GUEVARA MORENO."},"content":{"rendered":"\n<p><br>\u00b0Los primero 10 ser\u00e1n reinstalados el pr\u00f3ximo 2 de diciembre y as\u00ed sucesivamente.<br>\u00b0Los despedidos logran esto despu\u00e9s de 9 a\u00f1os de lucha y sufrimiento.<br>\u00b0Algunos de ellos se enfemar\u00f3n  y otros lamentablemente murieron.<br>AUSENCIO RIVERA\/VOCESVER.COM\/NOTICIAS<br><br>Veracruz,Ver.- a 26 de Noviembre 2021.- El \u201caut\u00e9ntico\u201d secretario general del Sindicato Nacional Unidad y Progreso de Tamsa Jos\u00e9 Caros Guevara Moreno mejor conocido en el gremio tamsero como \u201cEL PROFE\u201d confirm\u00f3 en conferencia de medios que m\u00e1s de 300 obreros que fueron despedidos de manera injustificadamente por la empresa Tenaris-Tamsa y el sindicato ser\u00e1n reinstalados en sus puestos de trabajo tras 9 a\u00f1os de intensa lucha y sufrimientos.<br>Explic\u00f3 que los primeros 10 trabajadores ser\u00e1n reinstalados el pr\u00f3ximo 2 de diciembre en Tamsa 1, para ello tiene contemplado  realizar un evento pac\u00edfico en las afueras de la factor\u00eda en apoyo a estos trabajadores que retornar\u00e1n de nueva cuenta a sus fuentes de trabajo.<br>\u201cEl Profe\u201d explic\u00f3 que estos trabajadores ser\u00e1n reinstalados en sus puesto de trabajo por \u00f3rdenes del Segundo Tribunal Colegiado en materia de trabajo del S\u00e9ptimo Circuito en materia laboral de la Ciudad de M\u00e9xico quien ha ordenado a la Junta Federal del Trabajo para que \u00e9sta a su vez ordene a la empresa su cumplimiento.<br>Acompa\u00f1ado de Manuel Garc\u00eda y otros directivos de este gremio, el dirigente sindical explic\u00f3 que de acuerdo al expediente 267\/2013 ser\u00e1n reinstalados 40 trabajadores de un total de 58, mientras que por el expediente-laudo 105\/2014 ser\u00e1n reinstalados 300 de un total de 400.<br>Explic\u00f3 que estos trabajadores pasar\u00f3n 9 a\u00f1os de sacrifico, entrega,enfermedades e incluso algunos ya son difuntos. A todos ellos nuestro agradecimiento a eso valor por confiar en el Movimiento Libertad por la Democracia.<br>En este d\u00eda 26 de noviembre \u201cnos sentimos muy contentos porque por fin se empiezan a ver alguna se\u00f1ales de triunfo y de que nuestra lucha no estaba equivocada\u201d.<br>Este 2 de diciembre se le hace un llamado a todos los trabajadores, a los rescindidos y a los medios de comunicaci\u00f3n a que nos acompa\u00f1en a ver la entrada de los primero 10 compa\u00f1eros que ser\u00e1n reinstalados. Estamos muy felices y nosotros vamos a acudir de manera pac\u00edfica, vamos a estar en el camell\u00f3n  de manera pac\u00edfica enfrente de Tamsa 1 \u201cpara ver la entrada de los primeros 10  trabajadores\u201d.<br>Finalmente confi\u00f3 en que los tribunales laborales de la Ciudad de M\u00e9xico resuelvan favorablemente su situaci\u00f3n en el sindicato toda vez que cuenta con su respectiva toma de nota que lo acredita como secretario general leg\u00edtimo y aut\u00e9ntico. <br><br><br><br><br><br><br><br><br><br><br><br><br><br><br><br><br><br><br><br><br><br><br><br><br><br><br><br><br><br><\/p>\n","protected":false},"excerpt":{"rendered":"<p>\u00b0Los primero 10 ser\u00e1n reinstalados el pr\u00f3ximo 2 de diciembre y as\u00ed sucesivamente.\u00b0Los despedidos logran esto despu\u00e9s de 9 a\u00f1os<\/p>\n","protected":false},"author":2,"featured_media":32150,"comment_status":"open","ping_status":"open","sticky":false,"template":"","format":"standard","meta":{"colormag_page_container_layout":"default_layout","colormag_page_sidebar_layout":"default_layout","footnotes":""},"categories":[2],"tags":[],"class_list":["post-32143","post","type-post","status-publish","format-standard","has-post-thumbnail","hentry","category-infogral"],"_links":{"self":[{"href":"http:\/\/vocesver.com\/noticias\/wp-json\/wp\/v2\/posts\/32143","targetHints":{"allow":["GET"]}}],"collection":[{"href":"http:\/\/vocesver.com\/noticias\/wp-json\/wp\/v2\/posts"}],"about":[{"href":"http:\/\/vocesver.com\/noticias\/wp-json\/wp\/v2\/types\/post"}],"author":[{"embeddable":true,"href":"http:\/\/vocesver.com\/noticias\/wp-json\/wp\/v2\/users\/2"}],"replies":[{"embeddable":true,"href":"http:\/\/vocesver.com\/noticias\/wp-json\/wp\/v2\/comments?post=32143"}],"version-history":[{"count":3,"href":"http:\/\/vocesver.com\/noticias\/wp-json\/wp\/v2\/posts\/32143\/revisions"}],"predecessor-version":[{"id":32151,"href":"http:\/\/vocesver.com\/noticias\/wp-json\/wp\/v2\/posts\/32143\/revisions\/32151"}],"wp:featuredmedia":[{"embeddable":true,"href":"http:\/\/vocesver.com\/noticias\/wp-json\/wp\/v2\/media\/32150"}],"wp:attachment":[{"href":"http:\/\/vocesver.com\/noticias\/wp-json\/wp\/v2\/media?parent=32143"}],"wp:term":[{"taxonomy":"category","embeddable":true,"href":"http:\/\/vocesver.com\/noticias\/wp-json\/wp\/v2\/categories?post=32143"},{"taxonomy":"post_tag","embeddable":true,"href":"http:\/\/vocesver.com\/noticias\/wp-json\/wp\/v2\/tags?post=32143"}],"curies":[{"name":"wp","href":"https:\/\/api.w.org\/{rel}","templated":true}]}}