{"id":32138,"date":"2021-11-26T20:40:35","date_gmt":"2021-11-26T20:40:35","guid":{"rendered":"http:\/\/vocesver.com\/noticias\/?p=32138"},"modified":"2021-11-26T20:41:47","modified_gmt":"2021-11-26T20:41:47","slug":"se-necesita-mas-de-un-sexenio-para-lograr-la-cuarta-transformacion-ramirez-zepeta","status":"publish","type":"post","link":"http:\/\/vocesver.com\/noticias\/se-necesita-mas-de-un-sexenio-para-lograr-la-cuarta-transformacion-ramirez-zepeta\/","title":{"rendered":"Se necesita m\u00e1s de un sexenio para lograr la Cuarta Transformaci\u00f3n: Ram\u00edrez Zepeta"},"content":{"rendered":"\n<p>\u00b0 Delegado estatal de Morena se re\u00fane en Altotonga y Mart\u00ednez de la Torre con militancia del distrito federal 7.<br><br>AUSENCIO RIVERA\/VOCESVER.COM\/NOTICIAS<br><br>Mart\u00ednez de la Torre, Ver., 26 de noviembre de 2021.- As\u00ed como los procesos de Independencia, Reforma y la Revoluci\u00f3n Mexicana necesitaron tiempo, la Cuarta Transformaci\u00f3n del pa\u00eds no se har\u00e1 solo en seis a\u00f1os, declar\u00f3 el Delegado Estatal en funciones de Presidente del Movimiento de Regeneraci\u00f3n Nacional (Morena), Esteban Ram\u00edrez Zepeta.<br><br>\u00abEste proyecto de naci\u00f3n no es de seis a\u00f1os, Roma no se construy\u00f3 en un d\u00eda. Las transformaciones en M\u00e9xico no se hicieron en seis a\u00f1os. Ni la Independencia, ni la Reforma, ni la Revoluci\u00f3n Mexicana. La Cuarta Transformaci\u00f3n tiene que continuar\u00bb, dijo el dirigente de Morena en su visita a Altotonga y Mart\u00ednez de la Torre para motivar los trabajos de organizaci\u00f3n de la militancia del distrito federal 7.<br><br>Afirm\u00f3 que el objetivo principal del movimiento es seguir trabajando en la organizaci\u00f3n de Comit\u00e9s en Defensa de la Cuarta Transformaci\u00f3n. \u00abEstamos recorriendo todo el estado para decirle a los compa\u00f1eros que nos organicemos. Si nos mantenemos unidos y organizados vamos a darle buenos n\u00fameros al Presidente de la Rep\u00fablica\u00bb, expres\u00f3 Esteban Ram\u00edrez.<br><br>Agradeci\u00f3 a la militancia por el trabajo que han realizado para el avance del movimiento en la entidad veracruzana y reiter\u00f3 el llamado a seguir \u00abcaminando, esforz\u00e1ndonos, trabajando duro\u00bb para fortalecer la estructura de organizaci\u00f3n en los 20 distritos federales. \u00abSe ha logrado un trabajo muy bueno, gracias al respaldo de ustedes Morena en Veracruz es el primer basti\u00f3n de nuestro partido en el pa\u00eds, por encima de la Ciudad de M\u00e9xico, y eso se debe a ustedes\u00bb, finaliz\u00f3. <br><br><br><br><br><br><br><br><br><br><br><br><br><br><br><br><br><br><br><br><br><br><br><br><br><br><br><br><br><\/p>\n","protected":false},"excerpt":{"rendered":"<p>\u00b0 Delegado estatal de Morena se re\u00fane en Altotonga y Mart\u00ednez de la Torre con militancia del distrito federal 7.<\/p>\n","protected":false},"author":2,"featured_media":32144,"comment_status":"open","ping_status":"open","sticky":false,"template":"","format":"standard","meta":{"colormag_page_container_layout":"default_layout","colormag_page_sidebar_layout":"default_layout","footnotes":""},"categories":[4],"tags":[],"class_list":["post-32138","post","type-post","status-publish","format-standard","has-post-thumbnail","hentry","category-estatal"],"_links":{"self":[{"href":"http:\/\/vocesver.com\/noticias\/wp-json\/wp\/v2\/posts\/32138","targetHints":{"allow":["GET"]}}],"collection":[{"href":"http:\/\/vocesver.com\/noticias\/wp-json\/wp\/v2\/posts"}],"about":[{"href":"http:\/\/vocesver.com\/noticias\/wp-json\/wp\/v2\/types\/post"}],"author":[{"embeddable":true,"href":"http:\/\/vocesver.com\/noticias\/wp-json\/wp\/v2\/users\/2"}],"replies":[{"embeddable":true,"href":"http:\/\/vocesver.com\/noticias\/wp-json\/wp\/v2\/comments?post=32138"}],"version-history":[{"count":2,"href":"http:\/\/vocesver.com\/noticias\/wp-json\/wp\/v2\/posts\/32138\/revisions"}],"predecessor-version":[{"id":32145,"href":"http:\/\/vocesver.com\/noticias\/wp-json\/wp\/v2\/posts\/32138\/revisions\/32145"}],"wp:featuredmedia":[{"embeddable":true,"href":"http:\/\/vocesver.com\/noticias\/wp-json\/wp\/v2\/media\/32144"}],"wp:attachment":[{"href":"http:\/\/vocesver.com\/noticias\/wp-json\/wp\/v2\/media?parent=32138"}],"wp:term":[{"taxonomy":"category","embeddable":true,"href":"http:\/\/vocesver.com\/noticias\/wp-json\/wp\/v2\/categories?post=32138"},{"taxonomy":"post_tag","embeddable":true,"href":"http:\/\/vocesver.com\/noticias\/wp-json\/wp\/v2\/tags?post=32138"}],"curies":[{"name":"wp","href":"https:\/\/api.w.org\/{rel}","templated":true}]}}