{"id":32125,"date":"2021-11-25T22:58:59","date_gmt":"2021-11-25T22:58:59","guid":{"rendered":"http:\/\/vocesver.com\/noticias\/?p=32125"},"modified":"2021-11-25T23:02:19","modified_gmt":"2021-11-25T23:02:19","slug":"estado-de-emergencia-cierres-y-mas-asi-combate-europa-el-covid","status":"publish","type":"post","link":"http:\/\/vocesver.com\/noticias\/estado-de-emergencia-cierres-y-mas-asi-combate-europa-el-covid\/","title":{"rendered":"Estado de emergencia, cierres y m\u00e1s: as\u00ed combate Europa el COVID"},"content":{"rendered":"\n<p><br>Un recuento de&nbsp;<strong>medidas<\/strong>&nbsp;tomadas por pa\u00edses de&nbsp;<strong>Europa<\/strong>&nbsp;para combatir la ola de coronavirus (<strong>COVID-19<\/strong>). Foto: Reuters.<\/p>\n\n\n\n<p>REDACCI\u00d3N\/VOCESVER.COM\/NOTICIAS<br><br>IINTERNACIONAL. A 25 DE NOVIEMBRE 2021.-DE ACUERDO CON INFORMACI\u00d3N DE UNOTV\/EUROPA\/AFP&#8230;. Ante la nueva ola de coronavirus (COVID-19) que se vive en Europa, pa\u00edses de ese continente implementan medidas para combatir la enfermedad; a continuaci\u00f3n, un recuento de Unotv.com:<br><br><br>Alemania<br>Por ahora, el Gobierno descarta el confinamiento nacional y apuesta por generalizar un certificado sanitario en transportes, y restricciones de acceso a ciertos lugares para los no vacunados. Se prev\u00e9 desbloquear mil millones de euros para el personal sanitario que lucha contra el COVID-19.<br><br>En las \u00faltimas 24 horas, el pa\u00eds de Europa registr\u00f3 351 decesos<br>Suman 110 mil 119 fallecidos por COVID-19, pese a las medidas<br>Germany implements &#8216;3G&#8217; rules on public transport.<br><br>The regulations mean that all passengers are required to show proof of either vaccination against COVID-19, recovery from the illness, or a negative test. pic.twitter.com\/PAk18fsDWX<br><br>\u2014 WakeUpHumans (@Thunderace4) November 25, 2021<br>Las medidas en Eslovaquia<br><br>Las calles de la capital Bratislava est\u00e1n desiertas por el confinamiento parcial tras el alza de casos de COVID-19: en el pa\u00eds de 5.4 millones de habitantes, los ciudadanos, que permanecen en casa la mayor parte del d\u00eda, salen s\u00f3lo en las ma\u00f1anas por motivos imprescindibles (trabajo o compras esenciales).<br><br>Los colegios permanecer\u00e1n abiertos en este pa\u00eds de Europa<br>#BreakingNews Eslovaquia va a confinamiento por dos semanas tras aumento diario de casos de Covid-19. #Rusia #Elovaquia #coronavirus #Europa #EEUU pic.twitter.com\/QS6cWaCqUd<br><br>\u2014 Renemassmedia (@renemassmedia) November 25, 2021<br>Rep\u00fablica Checa vs COVID-19<br>El Gobierno de este pa\u00eds de Europa declar\u00f3 el estado de emergencia durante 30 d\u00edas, y anunci\u00f3 el cierre de los mercados navide\u00f1os para frenar contagios de COVID-19. Las medidas se dan en momentos en que los hospitales de la naci\u00f3n, con 10.7 millones de habitantes, est\u00e1n al l\u00edmite de su capacidad y trasladan a pacientes a otras regiones.<br><br><br><br>COVID-19 Europa medidas<br>Pese a que Europa es un continente con altos \u00edndices de vacunaci\u00f3n COVID-19, las medidas volvieron por la nueva ola. Foto: Reuters.<br>Los checos no vacunados o los que no se han recuperado recientemente de la enfermedad, tienen prohibido ir a restaurantes, caf\u00e9s o instalaciones deportivas. Rep\u00fablica Checa ha registrado ya m\u00e1s de 2 millones de contagios y m\u00e1s de 32 mil 500 muertes por COVID-19.<br><br>Francia<br>El Gobierno anunci\u00f3 campa\u00f1a de vacunaci\u00f3n de refuerzo contra COVID-19 para mayores de 18 a\u00f1os, cinco meses despu\u00e9s de su \u00faltima inyecci\u00f3n. Descart\u00f3 recurrir al confinamiento y toque de queda. La vacunaci\u00f3n de ni\u00f1os de entre 5 y 11 a\u00f1os no se realizar\u00e1 por el momento.<br><br><br>Olivier V\u00e9ran, ministro de Sanidad franc\u00e9s, dijo en rueda de prensa:<br><br>\u201cSi se toma la decisi\u00f3n (de la vacunaci\u00f3n de ni\u00f1os), no empezar\u00e1 antes de principios de 2022\u201d.<br><br>Las medidas de Austria<br>La ciudadan\u00eda demostr\u00f3 su descontento por un nuevo confinamiento<br>Cerraron comercios, restaurantes, mercados navide\u00f1os, salas de concierto y peluquer\u00edas<br>Escuelas siguen abiertas y calles est\u00e1n medianamente transitadas. Los 8.9 millones de austriacos, en teor\u00eda, no salen de casa salvo para hacer compras, deporte o recibir atenci\u00f3n m\u00e9dica. Van a la oficina y a la escuela, pero autoridades piden acatar las medidas y optar por el home office ante el COVID-19.<br><br><br><br>iINF. DE UNOTV\/EUROPA\/AFP&#8230;..<br><br><br><br><br><br><br><br><br><br><br><br><br><br><br><br><br><br><br><br><br><br><br><br><br><br><br><br><br><br><br><\/p>\n","protected":false},"excerpt":{"rendered":"<p>Un recuento de&nbsp;medidas&nbsp;tomadas por pa\u00edses de&nbsp;Europa&nbsp;para combatir la ola de coronavirus (COVID-19). Foto: Reuters. REDACCI\u00d3N\/VOCESVER.COM\/NOTICIAS IINTERNACIONAL. A 25 DE NOVIEMBRE<\/p>\n","protected":false},"author":2,"featured_media":32135,"comment_status":"open","ping_status":"open","sticky":false,"template":"","format":"standard","meta":{"colormag_page_container_layout":"default_layout","colormag_page_sidebar_layout":"default_layout","footnotes":""},"categories":[6],"tags":[],"class_list":["post-32125","post","type-post","status-publish","format-standard","has-post-thumbnail","hentry","category-internacional"],"_links":{"self":[{"href":"http:\/\/vocesver.com\/noticias\/wp-json\/wp\/v2\/posts\/32125","targetHints":{"allow":["GET"]}}],"collection":[{"href":"http:\/\/vocesver.com\/noticias\/wp-json\/wp\/v2\/posts"}],"about":[{"href":"http:\/\/vocesver.com\/noticias\/wp-json\/wp\/v2\/types\/post"}],"author":[{"embeddable":true,"href":"http:\/\/vocesver.com\/noticias\/wp-json\/wp\/v2\/users\/2"}],"replies":[{"embeddable":true,"href":"http:\/\/vocesver.com\/noticias\/wp-json\/wp\/v2\/comments?post=32125"}],"version-history":[{"count":4,"href":"http:\/\/vocesver.com\/noticias\/wp-json\/wp\/v2\/posts\/32125\/revisions"}],"predecessor-version":[{"id":32136,"href":"http:\/\/vocesver.com\/noticias\/wp-json\/wp\/v2\/posts\/32125\/revisions\/32136"}],"wp:featuredmedia":[{"embeddable":true,"href":"http:\/\/vocesver.com\/noticias\/wp-json\/wp\/v2\/media\/32135"}],"wp:attachment":[{"href":"http:\/\/vocesver.com\/noticias\/wp-json\/wp\/v2\/media?parent=32125"}],"wp:term":[{"taxonomy":"category","embeddable":true,"href":"http:\/\/vocesver.com\/noticias\/wp-json\/wp\/v2\/categories?post=32125"},{"taxonomy":"post_tag","embeddable":true,"href":"http:\/\/vocesver.com\/noticias\/wp-json\/wp\/v2\/tags?post=32125"}],"curies":[{"name":"wp","href":"https:\/\/api.w.org\/{rel}","templated":true}]}}