{"id":32119,"date":"2021-11-25T22:31:25","date_gmt":"2021-11-25T22:31:25","guid":{"rendered":"http:\/\/vocesver.com\/noticias\/?p=32119"},"modified":"2021-11-25T22:47:20","modified_gmt":"2021-11-25T22:47:20","slug":"extrabajaores-del-sas-demandan-que-el-gobernador-revise-su-casoangelica-navarrete","status":"publish","type":"post","link":"http:\/\/vocesver.com\/noticias\/extrabajaores-del-sas-demandan-que-el-gobernador-revise-su-casoangelica-navarrete\/","title":{"rendered":"EXTRABAJAORES DEL SASM DEMANDAN QUE EL  GOBERNADOR REVISE SU CASO:ANG\u00c9LICA NAVARRETE."},"content":{"rendered":"\n<p>\u00b0Encabez\u00f3 una marcha con un grupo de extrabajadores afectados la cual<br> termin\u00f3 con un plant\u00f3n a un costado del Palacio Municipal.<br>\u00b0Asegur\u00f3 que su caso fue pol\u00edtico, no utilizar\u00f3n argumentos legales para despedirlos.<br><br>AUSENCIO RIVERA\/VOCESVER.COM7NOTICIAS<br>Verracruz,Ver. A  25 de Noviembre 2021.\u2014Debido a que el despido de m\u00e1s de mil trabajadores sindicalizados del Gr Sistema de Aguas y Saneamiento Metropolitano(SASM) fue pol\u00edtico, la ex secretaria general Ang\u00e9lica Navarrete Mendoza dio a conocer que solicitan la intervenci\u00f3n del Gobernador del Estado Ing. Cuitl\u00e1huac Garc\u00cda Jim\u00e9nez para que se revise su caso toda vez que una injusticia. <br>Entrevistada luego de que un grupo de extrabajadores realizar\u00f3n una marcha por las principales calles de la Ciudad y un plant\u00f3n en  el acceso principal del Palacio Municipal dijo:queremos que el Ejecutivo Estatal venga a hablar con nosotros.<br>Al preguntarle si no los ha atendido el Gobernador, la entrevistada dijo bueno si nos escuch\u00f3 en una ocasi\u00f3n, pero no ha pasado nada.<br>Dijo que tambi\u00e9n demanda la intervenci\u00f3n de los Diputados Locales, \u201cqueremos una audiencia con ellos para que sepan la versi\u00f3n de nosotros mismos y no de lo que les dicen otros\u201d.<br>La marcha se realiz\u00f3 en demanda de la reinstalaci\u00f3n de m\u00e1s de mil trabajadores entre sindicalizados y de confianza.<br>Denunci\u00f3 que su despido fue pol\u00edtico \u201cporque no se respetar\u00f3n nuestros derechos,nuestro contrato colectivo,porque estas empresas prometieron pagar todos los pasivos laborales que hab\u00eda, no se hizo nada de eso, no hay mejor\u00edas en el servicio del agua, hay muchas quejas de la gente denunciando que el servicio est\u00e1 p\u00e9simo. Hay m\u00e1s fugas ahora, nunca se hab\u00eda visto en la historia del SAS que se cortara totalmente el servicio del agua, que se taponeara el drenaje cuando no se paga, eso est\u00e1 penado para nosotros y yo no se porque los tiempos han cambado que hoy el gobierno municipal les autoriza todo a esas empresas.<br>Si nuestro  caso hubiese sido legal, nosotros nunca hubi\u00e9semos sido despedidos, hubi\u00e9ramos continuado como lo marca el art\u00edculo 46 de la misma Ley Federal del Trabajo  \u201cdonde dice que el patr\u00f3n sustituto es responsable de nosotros ya que va a continuar con los trabajadores\u201d No fue asi porque no les convino \u00abporque sab\u00edan que ten\u00edan el apoyo de las autoridades de ese entonces y de las mismas secretarias de trabajo\u00bb..  Por eso hicieron lo que quisieron con nosotros, pero nosotros tenemos nuestras demandas presentadas y ah\u00ed vamos a demostrar que nos asiste la raz\u00f3n.<br>Nosotros presentamos varias demandas independientemente de las que tenemos derecho por revisi\u00f3n, nuestra demanda de sustituci\u00f3n patronal y de reinstalaci\u00f3n. No est\u00e1n archivadas,\u00e9stas contin\u00faan su curso, pero por alguna raz\u00f3n siempre hay un problema para llevarse a cabo las notificaciones, al tiempo que precis\u00f3 son 6 los demandados. Los tres ayuntamientos que son Veracruz,Boca del R\u00edo y Medell\u00edn,una contra el IMA,tambi\u00e9n demandamos al grupo MAS y al Grupo SAS y pr\u00f3ximamente vamos a demandar al Grupo CAB porque vamos a enderezar nuestras demandas para que estas surtan efecto, <br><br><br><br><br><br><br><br><br><br><br><br><br><br><br><br><br><br><br><br><br><br><br><br><br><br><br><br><br><br><br><br><br><\/p>\n","protected":false},"excerpt":{"rendered":"<p>\u00b0Encabez\u00f3 una marcha con un grupo de extrabajadores afectados la cual termin\u00f3 con un plant\u00f3n a un costado del Palacio<\/p>\n","protected":false},"author":2,"featured_media":32127,"comment_status":"open","ping_status":"open","sticky":false,"template":"","format":"standard","meta":{"colormag_page_container_layout":"default_layout","colormag_page_sidebar_layout":"default_layout","footnotes":""},"categories":[2],"tags":[],"class_list":["post-32119","post","type-post","status-publish","format-standard","has-post-thumbnail","hentry","category-infogral"],"_links":{"self":[{"href":"http:\/\/vocesver.com\/noticias\/wp-json\/wp\/v2\/posts\/32119","targetHints":{"allow":["GET"]}}],"collection":[{"href":"http:\/\/vocesver.com\/noticias\/wp-json\/wp\/v2\/posts"}],"about":[{"href":"http:\/\/vocesver.com\/noticias\/wp-json\/wp\/v2\/types\/post"}],"author":[{"embeddable":true,"href":"http:\/\/vocesver.com\/noticias\/wp-json\/wp\/v2\/users\/2"}],"replies":[{"embeddable":true,"href":"http:\/\/vocesver.com\/noticias\/wp-json\/wp\/v2\/comments?post=32119"}],"version-history":[{"count":3,"href":"http:\/\/vocesver.com\/noticias\/wp-json\/wp\/v2\/posts\/32119\/revisions"}],"predecessor-version":[{"id":32129,"href":"http:\/\/vocesver.com\/noticias\/wp-json\/wp\/v2\/posts\/32119\/revisions\/32129"}],"wp:featuredmedia":[{"embeddable":true,"href":"http:\/\/vocesver.com\/noticias\/wp-json\/wp\/v2\/media\/32127"}],"wp:attachment":[{"href":"http:\/\/vocesver.com\/noticias\/wp-json\/wp\/v2\/media?parent=32119"}],"wp:term":[{"taxonomy":"category","embeddable":true,"href":"http:\/\/vocesver.com\/noticias\/wp-json\/wp\/v2\/categories?post=32119"},{"taxonomy":"post_tag","embeddable":true,"href":"http:\/\/vocesver.com\/noticias\/wp-json\/wp\/v2\/tags?post=32119"}],"curies":[{"name":"wp","href":"https:\/\/api.w.org\/{rel}","templated":true}]}}