{"id":32109,"date":"2021-11-25T21:00:26","date_gmt":"2021-11-25T21:00:26","guid":{"rendered":"http:\/\/vocesver.com\/noticias\/?p=32109"},"modified":"2021-11-25T21:02:47","modified_gmt":"2021-11-25T21:02:47","slug":"asiste-magistrada-presidenta-a-caminata-por-la-integracion-familiar_","status":"publish","type":"post","link":"http:\/\/vocesver.com\/noticias\/asiste-magistrada-presidenta-a-caminata-por-la-integracion-familiar_\/","title":{"rendered":"*Asiste Magistrada Presidenta a Caminata por la Integraci\u00f3n Familiar*_"},"content":{"rendered":"\n<p><br><br><br>AUSENCIO RIVERA\/VOCESVER.COM\/NOTICIAS<br><br>Xalapa, Ver., a 25 de noviembre de 2021.- En el marco del D\u00eda Internacional de la Eliminaci\u00f3n de la Violencia contra la Mujer, la Magistrada Isabel In\u00e9s Romero Cruz, Presidenta del Tribunal Superior de Justicia y del Consejo de la Judicatura, particip\u00f3 en la caminata por la integraci\u00f3n familiar, llevada a cabo en el parque Miguel Hidalgo del municipio de Coatzacoalcos. <br><br>La finalidad de este evento es la de fortalecer los valores de respeto y sana convivencia familiar, as\u00ed como el de combatir la violencia contra la Mujer al establecer una pol\u00edtica de cero tolerancia hacia cualquier delito perpetuado contra mujeres y ni\u00f1as.<br><br>La Caminata por la Integraci\u00f3n Familiar fue organizada por la Secretar\u00eda de Gobierno y el Instituto Veracruzano de las Mujeres (IVM), tuvo como asistentes al Gobernador del Estado, Ingeniero Cuitl\u00e1huac Garc\u00eda Jim\u00e9nez, el Secretario de Gobierno Eric Patrocinio Cisneros Burgos, la Fiscal General del Estado Ver\u00f3nica Hern\u00e1ndez Giad\u00e1ns, as\u00ed como la Directora del Instituto Veracruzano de la Mujer, Mar\u00eda del Roc\u00edo Villafuerte Mart\u00ednez y la Maestra Claudia Marlene Gal\u00e1n Espinoza, Integrante del Consejo de la Judicatura, adem\u00e1s de autoridades locales y municipales.<br><br><br><br><br><br><br><br><br><br><br><br><br><br><br><br><br><br><br><br><br><br><br><br><br><br><br><br><br><br><br><br><br><br><\/p>\n","protected":false},"excerpt":{"rendered":"<p>AUSENCIO RIVERA\/VOCESVER.COM\/NOTICIAS Xalapa, Ver., a 25 de noviembre de 2021.- En el marco del D\u00eda Internacional de la Eliminaci\u00f3n de<\/p>\n","protected":false},"author":2,"featured_media":32117,"comment_status":"open","ping_status":"open","sticky":false,"template":"","format":"standard","meta":{"colormag_page_container_layout":"default_layout","colormag_page_sidebar_layout":"default_layout","footnotes":""},"categories":[2],"tags":[],"class_list":["post-32109","post","type-post","status-publish","format-standard","has-post-thumbnail","hentry","category-infogral"],"_links":{"self":[{"href":"http:\/\/vocesver.com\/noticias\/wp-json\/wp\/v2\/posts\/32109","targetHints":{"allow":["GET"]}}],"collection":[{"href":"http:\/\/vocesver.com\/noticias\/wp-json\/wp\/v2\/posts"}],"about":[{"href":"http:\/\/vocesver.com\/noticias\/wp-json\/wp\/v2\/types\/post"}],"author":[{"embeddable":true,"href":"http:\/\/vocesver.com\/noticias\/wp-json\/wp\/v2\/users\/2"}],"replies":[{"embeddable":true,"href":"http:\/\/vocesver.com\/noticias\/wp-json\/wp\/v2\/comments?post=32109"}],"version-history":[{"count":2,"href":"http:\/\/vocesver.com\/noticias\/wp-json\/wp\/v2\/posts\/32109\/revisions"}],"predecessor-version":[{"id":32116,"href":"http:\/\/vocesver.com\/noticias\/wp-json\/wp\/v2\/posts\/32109\/revisions\/32116"}],"wp:featuredmedia":[{"embeddable":true,"href":"http:\/\/vocesver.com\/noticias\/wp-json\/wp\/v2\/media\/32117"}],"wp:attachment":[{"href":"http:\/\/vocesver.com\/noticias\/wp-json\/wp\/v2\/media?parent=32109"}],"wp:term":[{"taxonomy":"category","embeddable":true,"href":"http:\/\/vocesver.com\/noticias\/wp-json\/wp\/v2\/categories?post=32109"},{"taxonomy":"post_tag","embeddable":true,"href":"http:\/\/vocesver.com\/noticias\/wp-json\/wp\/v2\/tags?post=32109"}],"curies":[{"name":"wp","href":"https:\/\/api.w.org\/{rel}","templated":true}]}}