{"id":32098,"date":"2021-11-25T04:06:46","date_gmt":"2021-11-25T04:06:46","guid":{"rendered":"http:\/\/vocesver.com\/noticias\/?p=32098"},"modified":"2021-11-25T04:08:54","modified_gmt":"2021-11-25T04:08:54","slug":"el-gobernador-cuitlahuac-garcia-jimenez-visita-a-brigadista-de-morena-en-el-zocalo-de-veracruz","status":"publish","type":"post","link":"http:\/\/vocesver.com\/noticias\/el-gobernador-cuitlahuac-garcia-jimenez-visita-a-brigadista-de-morena-en-el-zocalo-de-veracruz\/","title":{"rendered":"EL GOBERNADOR CUITL\u00c1HUAC GARC\u00cdA JIMENEZ VISITA A  BRIGADISTA DE MORENA EN EL Z\u00d3CALO DE VERACRUZ."},"content":{"rendered":"\n<p>\u00b0Realizan consulta ciudadana a favor de AMLO,se lleva a cabo en todo el pa\u00eds.<br><br>REDACCI\u00d3N\/VOCESVER.COM\/NOTICIAS<br><br>Veracru,Ver.- a 24 de Noviembre 2021.-Cuando realizaban la consulta ciudadana sobre la ratificaci\u00f3n de mandado del presidente de M\u00e9xico Andr\u00e9s Manuel L\u00f3pez Obrador para que \u00e9ste siga gobernando al pa\u00eds, un grupo de brigadistas de Morena encabezados por el C.P. Jos\u00e9 Reyes Cruz que est\u00e1n a cargo del m\u00f3dulo del Z\u00f3calo de Veracruz recibieron la visita sorpresiva del Gobernador del Estado Ing. Cuitl\u00e1huac Garc\u00eda Jim\u00e9nez la tarde noche de este mi\u00e9rcoles. Esta cruzada nacional es en apoyo al presidente por lo que el mandatario estatal felicit\u00f3 a todos los brigadistas por realizar esta campa\u00f1a  y a la que por supuesto se suma para que el mandatario federal siga gobernando al pa\u00eds. Foto AUSENCIO RIVERA.<br><br><br><br><br><br><br><br><br><br><br><br><br><br><br><br><br><br><br><br><br><br><br><br><br><\/p>\n","protected":false},"excerpt":{"rendered":"<p>\u00b0Realizan consulta ciudadana a favor de AMLO,se lleva a cabo en todo el pa\u00eds. REDACCI\u00d3N\/VOCESVER.COM\/NOTICIAS Veracru,Ver.- a 24 de Noviembre<\/p>\n","protected":false},"author":2,"featured_media":32106,"comment_status":"open","ping_status":"open","sticky":false,"template":"","format":"standard","meta":{"colormag_page_container_layout":"default_layout","colormag_page_sidebar_layout":"default_layout","footnotes":""},"categories":[2],"tags":[],"class_list":["post-32098","post","type-post","status-publish","format-standard","has-post-thumbnail","hentry","category-infogral"],"_links":{"self":[{"href":"http:\/\/vocesver.com\/noticias\/wp-json\/wp\/v2\/posts\/32098","targetHints":{"allow":["GET"]}}],"collection":[{"href":"http:\/\/vocesver.com\/noticias\/wp-json\/wp\/v2\/posts"}],"about":[{"href":"http:\/\/vocesver.com\/noticias\/wp-json\/wp\/v2\/types\/post"}],"author":[{"embeddable":true,"href":"http:\/\/vocesver.com\/noticias\/wp-json\/wp\/v2\/users\/2"}],"replies":[{"embeddable":true,"href":"http:\/\/vocesver.com\/noticias\/wp-json\/wp\/v2\/comments?post=32098"}],"version-history":[{"count":2,"href":"http:\/\/vocesver.com\/noticias\/wp-json\/wp\/v2\/posts\/32098\/revisions"}],"predecessor-version":[{"id":32105,"href":"http:\/\/vocesver.com\/noticias\/wp-json\/wp\/v2\/posts\/32098\/revisions\/32105"}],"wp:featuredmedia":[{"embeddable":true,"href":"http:\/\/vocesver.com\/noticias\/wp-json\/wp\/v2\/media\/32106"}],"wp:attachment":[{"href":"http:\/\/vocesver.com\/noticias\/wp-json\/wp\/v2\/media?parent=32098"}],"wp:term":[{"taxonomy":"category","embeddable":true,"href":"http:\/\/vocesver.com\/noticias\/wp-json\/wp\/v2\/categories?post=32098"},{"taxonomy":"post_tag","embeddable":true,"href":"http:\/\/vocesver.com\/noticias\/wp-json\/wp\/v2\/tags?post=32098"}],"curies":[{"name":"wp","href":"https:\/\/api.w.org\/{rel}","templated":true}]}}