{"id":31803,"date":"2021-11-10T21:40:20","date_gmt":"2021-11-10T21:40:20","guid":{"rendered":"http:\/\/vocesver.com\/noticias\/?p=31803"},"modified":"2021-11-10T21:42:32","modified_gmt":"2021-11-10T21:42:32","slug":"en-san-lazaro-y-en-territorio-legisladores-de-morena-defienden-reforma-electrica-ramirez-zepeta","status":"publish","type":"post","link":"http:\/\/vocesver.com\/noticias\/en-san-lazaro-y-en-territorio-legisladores-de-morena-defienden-reforma-electrica-ramirez-zepeta\/","title":{"rendered":"En San L\u00e1zaro y en territorio, legisladores de Morena defienden reforma el\u00e9ctrica: Ram\u00edrez Zepeta"},"content":{"rendered":"\n<p><br><br><br><br><br>\u00b0Delegado estatal del Movimiento de Regeneraci\u00f3n Nacional reconoce trabajos de organizaci\u00f3n en los distritos federales 19 San Andr\u00e9s Tuxtla y 12 Veracruz II (Boca del R\u00edo).<br><br><br>AUSENCIO RIVERA\/VOCESVER.COM\/NOTICIAS<br><br>Medell\u00edn, Ver., 10 de noviembre de 2021.- El Delegado Estatal en funciones de Presidente del Movimiento de Regeneraci\u00f3n Nacional (Morena) en Veracruz, Esteban Ram\u00edrez Zepeta, llam\u00f3 a las y los diputados federales de su partido a seguir defendiendo la reforma el\u00e9ctrica en San L\u00e1zaro, mientras los legisladores locales informan en territorio sus beneficios para Veracruz y M\u00e9xico.<br><br>\u00abLes estamos pidiendo a las y los diputados federales que est\u00e9n all\u00e1 en San L\u00e1zaro, que est\u00e9n apoyando al Presidente, que est\u00e9n argumentando a favor de la reforma el\u00e9ctrica y nosotros ac\u00e1 en Veracruz los vamos a respaldar\u00bb, declar\u00f3 acerca de las 21 diputadas y diputados federales de Veracruz por Morena y aliados.<br><br>Asimismo, el delegado estatal asegur\u00f3 que la tarea de las diputaciones locales por Morena y aliados es informarse sobre la reforma el\u00e9ctrica y explicarla a sus representados. \u00abEllos son la voz del pueblo, porque fueron electos por la ciudadan\u00eda y tienen que estar ah\u00ed explicando e informando. Se tiene que conjugar eso: el territorio con la representaci\u00f3n que tengan all\u00e1 en el Congreso\u00bb, dijo.<br><br>Sobre la reforma el\u00e9ctrica, record\u00f3 que de no aprobarse \u00abse corre el riesgo de que la Comisi\u00f3n Federal de Electricidad tenga solamente poco m\u00e1s del 30 por ciento del mercado y el resto lo tengan los privados. Pr\u00e1cticamente estar\u00eda desapareciendo la Comisi\u00f3n Federal de Electricidad. Creemos que ya es necesario que se le ponga orden\u00bb.<br><br>Este martes, el dirigente de Morena en Veracruz se reuni\u00f3 con la militancia de los distritos federales 19 San Andr\u00e9s Tuxtla y 12 Veracruz II (Boca del R\u00edo) para motivar los trabajos de reafiliaci\u00f3n, afiliaci\u00f3n y comit\u00e9s de base. Desde Catemaco y Medell\u00edn, se\u00f1al\u00f3 el momento hist\u00f3rico que atraviesa el movimiento para fortalecer su estructura e hizo el llamado a mantenerse organizados para respaldar al Presidente y los logros de la Cuarta Transformaci\u00f3n.<br><br><br><br><br><br><br><br><br><br><br><br><br><br><br><br><br><br><br><br><br><br><br><br><br><br><br><br><br><br><br><br><br><br><br><br><br><\/p>\n","protected":false},"excerpt":{"rendered":"<p>\u00b0Delegado estatal del Movimiento de Regeneraci\u00f3n Nacional reconoce trabajos de organizaci\u00f3n en los distritos federales 19 San Andr\u00e9s Tuxtla y<\/p>\n","protected":false},"author":2,"featured_media":31810,"comment_status":"open","ping_status":"open","sticky":false,"template":"","format":"standard","meta":{"colormag_page_container_layout":"default_layout","colormag_page_sidebar_layout":"default_layout","footnotes":""},"categories":[2],"tags":[],"class_list":["post-31803","post","type-post","status-publish","format-standard","has-post-thumbnail","hentry","category-infogral"],"_links":{"self":[{"href":"http:\/\/vocesver.com\/noticias\/wp-json\/wp\/v2\/posts\/31803","targetHints":{"allow":["GET"]}}],"collection":[{"href":"http:\/\/vocesver.com\/noticias\/wp-json\/wp\/v2\/posts"}],"about":[{"href":"http:\/\/vocesver.com\/noticias\/wp-json\/wp\/v2\/types\/post"}],"author":[{"embeddable":true,"href":"http:\/\/vocesver.com\/noticias\/wp-json\/wp\/v2\/users\/2"}],"replies":[{"embeddable":true,"href":"http:\/\/vocesver.com\/noticias\/wp-json\/wp\/v2\/comments?post=31803"}],"version-history":[{"count":2,"href":"http:\/\/vocesver.com\/noticias\/wp-json\/wp\/v2\/posts\/31803\/revisions"}],"predecessor-version":[{"id":31809,"href":"http:\/\/vocesver.com\/noticias\/wp-json\/wp\/v2\/posts\/31803\/revisions\/31809"}],"wp:featuredmedia":[{"embeddable":true,"href":"http:\/\/vocesver.com\/noticias\/wp-json\/wp\/v2\/media\/31810"}],"wp:attachment":[{"href":"http:\/\/vocesver.com\/noticias\/wp-json\/wp\/v2\/media?parent=31803"}],"wp:term":[{"taxonomy":"category","embeddable":true,"href":"http:\/\/vocesver.com\/noticias\/wp-json\/wp\/v2\/categories?post=31803"},{"taxonomy":"post_tag","embeddable":true,"href":"http:\/\/vocesver.com\/noticias\/wp-json\/wp\/v2\/tags?post=31803"}],"curies":[{"name":"wp","href":"https:\/\/api.w.org\/{rel}","templated":true}]}}