{"id":31799,"date":"2021-11-10T00:03:43","date_gmt":"2021-11-10T00:03:43","guid":{"rendered":"http:\/\/vocesver.com\/noticias\/?p=31799"},"modified":"2021-11-10T00:06:12","modified_gmt":"2021-11-10T00:06:12","slug":"que-gobierno-muncipal-saliente-repare-los-baches-antes-de-abandonar-la-ciudadlezama-fernandez","status":"publish","type":"post","link":"http:\/\/vocesver.com\/noticias\/que-gobierno-muncipal-saliente-repare-los-baches-antes-de-abandonar-la-ciudadlezama-fernandez\/","title":{"rendered":"QUE GOBIERNO MUNCIPAL SALIENTE REPARE LOS BACHES ANTES DE ABANDONAR LA CIUDAD:LEZAMA FERN\u00c1NDEZ"},"content":{"rendered":"\n<p><br>AUSENCIO RIVERA\/VOCESVER.COM\/NOTICIAS<br><br>Veracruz,Ver.- a   9 de Noviembre 2021.- Est\u00e1 por concluir la actual administraci\u00f3n  municipal y no se sabe que va a pasar con la gran cantidad de baches que a\u00fan quedan en el puerto de Veracruz, principalmente en la zona del  exterior Mercado Unidad Veracruzana  y otros puntos.<br>Lo anterior lo se\u00f1al\u00f3  Fidel Lezama Fern\u00e1ndez presidente de locatarios independientes de los mercados de Veracruz y quien explic\u00f3 que el presupuesto no se refleja en estos lugares donde adem\u00e1s de existir muchas fugas de aguas negras que le dan una mala imagen al inmueble,existen una gran cantidad de baches que a la fecha no se han reparado y eso tambi\u00e9n deja mucho que desear de la actual administraci\u00f3n municipal panista.<br>Indic\u00f3 que esta organizaci\u00f3n ha recibido infinidad de quejas de parte de los ciudadanos y comerciantes en el sentido de que en Guerrero y Cort\u00e9s existe un gran bache que a la fecha no ha sido reparado y la gente se pregunta que va a pasar con esta problem\u00e1tica si estas autoridades est\u00e1n ya preparando las maletas para emigrar a otros lugares.<br>Acaso la actual administraci\u00f3n municipal le heredar\u00e1 esa problem\u00e1tica al pr\u00f3ximo alcalde del partido que llegue o simplemente ah\u00ed se van a quedar para siempre cuestiona.<br>\u00abNosotros si le pedimos a las actuales autoridades municipales que antes de abandonar la casa del pueblo, que primero reparen todos estos baches que afean la ciudad.<br><br><br><br><br><br><br><br><br><br><br><br><br><br><br><br><br><br><br><br><br><br><br><br><\/p>\n","protected":false},"excerpt":{"rendered":"<p>AUSENCIO RIVERA\/VOCESVER.COM\/NOTICIAS Veracruz,Ver.- a 9 de Noviembre 2021.- Est\u00e1 por concluir la actual administraci\u00f3n municipal y no se sabe que<\/p>\n","protected":false},"author":2,"featured_media":31806,"comment_status":"open","ping_status":"open","sticky":false,"template":"","format":"standard","meta":{"colormag_page_container_layout":"default_layout","colormag_page_sidebar_layout":"default_layout","footnotes":""},"categories":[2],"tags":[],"class_list":["post-31799","post","type-post","status-publish","format-standard","has-post-thumbnail","hentry","category-infogral"],"_links":{"self":[{"href":"http:\/\/vocesver.com\/noticias\/wp-json\/wp\/v2\/posts\/31799","targetHints":{"allow":["GET"]}}],"collection":[{"href":"http:\/\/vocesver.com\/noticias\/wp-json\/wp\/v2\/posts"}],"about":[{"href":"http:\/\/vocesver.com\/noticias\/wp-json\/wp\/v2\/types\/post"}],"author":[{"embeddable":true,"href":"http:\/\/vocesver.com\/noticias\/wp-json\/wp\/v2\/users\/2"}],"replies":[{"embeddable":true,"href":"http:\/\/vocesver.com\/noticias\/wp-json\/wp\/v2\/comments?post=31799"}],"version-history":[{"count":2,"href":"http:\/\/vocesver.com\/noticias\/wp-json\/wp\/v2\/posts\/31799\/revisions"}],"predecessor-version":[{"id":31804,"href":"http:\/\/vocesver.com\/noticias\/wp-json\/wp\/v2\/posts\/31799\/revisions\/31804"}],"wp:featuredmedia":[{"embeddable":true,"href":"http:\/\/vocesver.com\/noticias\/wp-json\/wp\/v2\/media\/31806"}],"wp:attachment":[{"href":"http:\/\/vocesver.com\/noticias\/wp-json\/wp\/v2\/media?parent=31799"}],"wp:term":[{"taxonomy":"category","embeddable":true,"href":"http:\/\/vocesver.com\/noticias\/wp-json\/wp\/v2\/categories?post=31799"},{"taxonomy":"post_tag","embeddable":true,"href":"http:\/\/vocesver.com\/noticias\/wp-json\/wp\/v2\/tags?post=31799"}],"curies":[{"name":"wp","href":"https:\/\/api.w.org\/{rel}","templated":true}]}}