{"id":31793,"date":"2021-11-09T23:42:56","date_gmt":"2021-11-09T23:42:56","guid":{"rendered":"http:\/\/vocesver.com\/noticias\/?p=31793"},"modified":"2021-11-09T23:42:57","modified_gmt":"2021-11-09T23:42:57","slug":"va-a-haber-protocolo-especial-basilica-de-guadalupe-si-abrira-sus-puertas-el-12-de-diciembre","status":"publish","type":"post","link":"http:\/\/vocesver.com\/noticias\/va-a-haber-protocolo-especial-basilica-de-guadalupe-si-abrira-sus-puertas-el-12-de-diciembre\/","title":{"rendered":"\u201cVa a haber protocolo especial\u201d: Bas\u00edlica de Guadalupe s\u00ed abrir\u00e1 sus puertas el 12 de diciembre"},"content":{"rendered":"\n<p>\u201cVa a haber protocolo especial\u201d: Bas\u00edlica de Guadalupe s\u00ed abrir\u00e1 sus puertas el 12 de diciembre<br><br><br>REDACCI\u00d3N\/VOCESVER.COM\/NOTICIAS<br><br>NACIONAL.-(CDMX) A 9 DE NOVIEMBRE 2021.- DE ACUERDO CON INFORMACI\u00d3N DE DANIELA VEGA\/REDACCI\u00d3N\/CDMX\/UNOTV&#8230;.. La jefa de Gobierno de Ciudad de M\u00e9xico, Claudia Sheinbaum, confirm\u00f3 que el pr\u00f3ximo 12 de diciembre, la Bas\u00edlica de Guadalupe s\u00ed abrir\u00e1 sus puertas al p\u00fablico, luego de que el a\u00f1o pasado tuviera que permanecer sin feligreses debido a la pandemia de COVID-19 (coronavirus).<br><br><br>\u201cNo se va a cerrar, va a haber un protocolo especial y tenemos una reuni\u00f3n, probablemente la pr\u00f3xima semana, particularmente con el rector de la Bas\u00edlica de Guadalupe, para el tema del 12 de diciembre\u201d.<br><br>Claudia Sheinbaum, jefa de Gobierno de Ciudad de M\u00e9xico.<br>No obstante, la mandataria capitalina pidi\u00f3 a la poblaci\u00f3n que tiene pensado asistir al templo religioso continuar con las medidas sanitarias establecidas por la Secretar\u00eda de Salud, tales como el uso correcto del cubrebocas, la aplicaci\u00f3n de gel antibacterial y guardar la sana distancia, a fin de evitar posibles contagios entre los creyentes y fieles.<br><br><br>Cabe recordar que en 2020 las autoridades eclesi\u00e1sticas determinaron cerrar la Bas\u00edlica de Guadalupe, del 10 al 13 de diciembre, e invitaron a los fieles a celebrar a la Virgen desde sus casas para as\u00ed evitar aglomeraciones en el templo religioso.<br><br>De acuerdo con autoridades de Ciudad de M\u00e9xico, en 2019 la asistencia fue de alrededor de 10 millones de peregrinos.<br><br>INF. DE DANIELA VEGA,\/REDACCI\u00d3N\/CDMX\/UNOTV&#8230;.<br><br><br><br><br><br><br><br><br><br><br><br><br><br><br><br><br><br><br><br><br><br><br><br><br><br><br><br><\/p>\n","protected":false},"excerpt":{"rendered":"<p>\u201cVa a haber protocolo especial\u201d: Bas\u00edlica de Guadalupe s\u00ed abrir\u00e1 sus puertas el 12 de diciembre REDACCI\u00d3N\/VOCESVER.COM\/NOTICIAS NACIONAL.-(CDMX) A 9<\/p>\n","protected":false},"author":2,"featured_media":31800,"comment_status":"open","ping_status":"open","sticky":false,"template":"","format":"standard","meta":{"colormag_page_container_layout":"default_layout","colormag_page_sidebar_layout":"default_layout","footnotes":""},"categories":[5],"tags":[],"class_list":["post-31793","post","type-post","status-publish","format-standard","has-post-thumbnail","hentry","category-nacional"],"_links":{"self":[{"href":"http:\/\/vocesver.com\/noticias\/wp-json\/wp\/v2\/posts\/31793","targetHints":{"allow":["GET"]}}],"collection":[{"href":"http:\/\/vocesver.com\/noticias\/wp-json\/wp\/v2\/posts"}],"about":[{"href":"http:\/\/vocesver.com\/noticias\/wp-json\/wp\/v2\/types\/post"}],"author":[{"embeddable":true,"href":"http:\/\/vocesver.com\/noticias\/wp-json\/wp\/v2\/users\/2"}],"replies":[{"embeddable":true,"href":"http:\/\/vocesver.com\/noticias\/wp-json\/wp\/v2\/comments?post=31793"}],"version-history":[{"count":2,"href":"http:\/\/vocesver.com\/noticias\/wp-json\/wp\/v2\/posts\/31793\/revisions"}],"predecessor-version":[{"id":31801,"href":"http:\/\/vocesver.com\/noticias\/wp-json\/wp\/v2\/posts\/31793\/revisions\/31801"}],"wp:featuredmedia":[{"embeddable":true,"href":"http:\/\/vocesver.com\/noticias\/wp-json\/wp\/v2\/media\/31800"}],"wp:attachment":[{"href":"http:\/\/vocesver.com\/noticias\/wp-json\/wp\/v2\/media?parent=31793"}],"wp:term":[{"taxonomy":"category","embeddable":true,"href":"http:\/\/vocesver.com\/noticias\/wp-json\/wp\/v2\/categories?post=31793"},{"taxonomy":"post_tag","embeddable":true,"href":"http:\/\/vocesver.com\/noticias\/wp-json\/wp\/v2\/tags?post=31793"}],"curies":[{"name":"wp","href":"https:\/\/api.w.org\/{rel}","templated":true}]}}