{"id":31787,"date":"2021-11-09T23:37:14","date_gmt":"2021-11-09T23:37:14","guid":{"rendered":"http:\/\/vocesver.com\/noticias\/?p=31787"},"modified":"2021-11-09T23:37:16","modified_gmt":"2021-11-09T23:37:16","slug":"seria-la-primera-de-este-tipo-en-5-anos-biden-planea-reunion-en-washington-con-amlo-y-trudeau-informa-reuters","status":"publish","type":"post","link":"http:\/\/vocesver.com\/noticias\/seria-la-primera-de-este-tipo-en-5-anos-biden-planea-reunion-en-washington-con-amlo-y-trudeau-informa-reuters\/","title":{"rendered":"Ser\u00eda la primera de este tipo en 5 a\u00f1os: Biden planea reuni\u00f3n en Washington con AMLO y Trudeau, informa Reuters"},"content":{"rendered":"\n<p><br>Biden planea reuni\u00f3n f\u00edsica con AMLO y Trudeau. Foto: Reuters.<br><br><br>REDACCI\u00d3N\/VOCESVER.COM\/NOTICIAS<br><br>INTERNACIONAL. A  9 DE NOVIEMBRE 2021.- DE ACUERDO CON INFORMACI\u00d3N DE AGENCIA\/REUTERS&#8230;..El presidente de Estados Unidos, Joe Biden, planea organizar una reuni\u00f3n en persona con los l\u00edderes de M\u00e9xico y Canad\u00e1, Andr\u00e9s Manuel L\u00f3pez Obrador (AMLO) y Justin Trudeau, respectivamente. Se tratar\u00eda de la primera de este tipo en m\u00e1s de cinco a\u00f1os.<br><br><br>La informaci\u00f3n, difundida justo cuando AMLO est\u00e1 en Nueva York, Estados Unidos, donde presidi\u00f3 un debate de alto nivel en la sede de la Organizaci\u00f3n de la Naciones Unidas, fue dada a conocer por la agencia de noticias Reuters, que cita a cuatro personas familiarizadas con el asunto, quienes solicitaron anonimato.<br>\u00bfD\u00f3nde y cu\u00e1ndo ser\u00eda la reuni\u00f3n planeada por Biden con AMLO y Trudeau?<br>De acuerdo con Reuters, los detalles finales a\u00fan se est\u00e1n afinando, pero si sigue adelante, lo m\u00e1s probable es que sea en alg\u00fan momento durante la semana del 15 de noviembre en Washington.<br><br>Los planes a\u00fan no son p\u00fablicos, por lo que las fuentes solicitaron anonimato.<br>Antecedentes de la reuni\u00f3n Biden-AMLO-Trudeau<br><br>Biden ha mantenido reuniones virtuales con el presidente mexicano Andr\u00e9s Manuel L\u00f3pez Obrador y el primer ministro canadiense Justin Trudeau desde que asumi\u00f3 el cargo este a\u00f1o. El mandatario de EU asisti\u00f3 al G20, en Roma, donde tambi\u00e9n estuvo Trudeau.<br><br>La reuni\u00f3n coincide con las tensiones pol\u00edticas sobre energ\u00eda, comercio e inmigraci\u00f3n.<br>Un alto funcionario de la administraci\u00f3n de Biden dijo \u201cestar atentos\u201d, cuando se le pregunt\u00f3 sobre una posible reuni\u00f3n entre Biden y L\u00f3pez Obrador.<br>Los l\u00edderes de las tres naciones comenzaron a celebrar lo que se conoce informalmente como la cumbre de los Tres Amigos, en 2005, y se reunieron la mayor\u00eda de los a\u00f1os hasta 2016.<br>La pr\u00e1ctica termin\u00f3 cuando el expresidente de Estados Unidos, Donald Trump, asumi\u00f3 el cargo en enero de 2017.<br>Migraci\u00f3n y TMEC, posibles temas de encuentro Biden-AMLO-Trudeau<br>La inmigraci\u00f3n en la frontera sur de Estados Unidos con M\u00e9xico ha alcanzado niveles r\u00e9cord y M\u00e9xico quiere que Estados Unidos invierta m\u00e1s para detenerla.<br><br>Los tres pa\u00edses est\u00e1n unidos por el acuerdo de libre comercio Estados Unidos-M\u00e9xico-Canad\u00e1, el USMCA, en M\u00e9xico, conocido como TMEC, que rige anualmente alrededor de 1.5 billones de d\u00f3lares en el comercio de Am\u00e9rica del Norte.<br><br><br>INF. DE AGENCIA(REUTERS&#8230;&#8230;<br><br><br><br><br><br><br><br><br><br><br><br><br><br><br><br><br><br><br><br><br><br><br><br><br><br><br><br><br><br><br><br><br><\/p>\n","protected":false},"excerpt":{"rendered":"<p>Biden planea reuni\u00f3n f\u00edsica con AMLO y Trudeau. Foto: Reuters. REDACCI\u00d3N\/VOCESVER.COM\/NOTICIAS INTERNACIONAL. A 9 DE NOVIEMBRE 2021.- DE ACUERDO CON<\/p>\n","protected":false},"author":2,"featured_media":31794,"comment_status":"open","ping_status":"open","sticky":false,"template":"","format":"standard","meta":{"colormag_page_container_layout":"default_layout","colormag_page_sidebar_layout":"default_layout","footnotes":""},"categories":[6],"tags":[],"class_list":["post-31787","post","type-post","status-publish","format-standard","has-post-thumbnail","hentry","category-internacional"],"_links":{"self":[{"href":"http:\/\/vocesver.com\/noticias\/wp-json\/wp\/v2\/posts\/31787","targetHints":{"allow":["GET"]}}],"collection":[{"href":"http:\/\/vocesver.com\/noticias\/wp-json\/wp\/v2\/posts"}],"about":[{"href":"http:\/\/vocesver.com\/noticias\/wp-json\/wp\/v2\/types\/post"}],"author":[{"embeddable":true,"href":"http:\/\/vocesver.com\/noticias\/wp-json\/wp\/v2\/users\/2"}],"replies":[{"embeddable":true,"href":"http:\/\/vocesver.com\/noticias\/wp-json\/wp\/v2\/comments?post=31787"}],"version-history":[{"count":2,"href":"http:\/\/vocesver.com\/noticias\/wp-json\/wp\/v2\/posts\/31787\/revisions"}],"predecessor-version":[{"id":31795,"href":"http:\/\/vocesver.com\/noticias\/wp-json\/wp\/v2\/posts\/31787\/revisions\/31795"}],"wp:featuredmedia":[{"embeddable":true,"href":"http:\/\/vocesver.com\/noticias\/wp-json\/wp\/v2\/media\/31794"}],"wp:attachment":[{"href":"http:\/\/vocesver.com\/noticias\/wp-json\/wp\/v2\/media?parent=31787"}],"wp:term":[{"taxonomy":"category","embeddable":true,"href":"http:\/\/vocesver.com\/noticias\/wp-json\/wp\/v2\/categories?post=31787"},{"taxonomy":"post_tag","embeddable":true,"href":"http:\/\/vocesver.com\/noticias\/wp-json\/wp\/v2\/tags?post=31787"}],"curies":[{"name":"wp","href":"https:\/\/api.w.org\/{rel}","templated":true}]}}