{"id":31783,"date":"2021-11-09T23:17:43","date_gmt":"2021-11-09T23:17:43","guid":{"rendered":"http:\/\/vocesver.com\/noticias\/?p=31783"},"modified":"2021-11-09T23:24:56","modified_gmt":"2021-11-09T23:24:56","slug":"temporada-invernal-no-sera-tan-fuerte-como-en-otros-anos-para-pescadoreshernandez-guzman","status":"publish","type":"post","link":"http:\/\/vocesver.com\/noticias\/temporada-invernal-no-sera-tan-fuerte-como-en-otros-anos-para-pescadoreshernandez-guzman\/","title":{"rendered":"TEMPORADA INVERNAL NO SER\u00c1 TAN FUERTE COMO EN OTROS A\u00d1OS PARA PESCADORES:HERN\u00c1NDEZ GUZM\u00c1N."},"content":{"rendered":"\n<p>\u00b0Actualmente tenemos un norte por semana.<br><br>AUSENCIO RIVERA\/VOCESVER.COM\/NOTICIAS<br><br>Veracruz,Ver.- a 9 de Noviembre 2021.- Pese a la temporada de frentes fr\u00edos y nortes los pescadores de Veracruz advierten que no se tendr\u00e1 un invierno muy fuerte como en otros a\u00f1os. <br>Al respecto Bernardo Hern\u00e1ndez Guzm\u00e1n presidente de los pescadores del puerto de Veracruz explic\u00f3: bueno este inicio de temporada de nortes est\u00e1 marcando la pauta que no se tendr\u00e1 un invierno muy fuerte.<br>Al reconocer actualmente tenemos un norte por semana, el dirigente de los pescadores dijo que eso est\u00e1 permitiendo que la actividad pesquera se desarrolle de manera normal. <br>Por otro lado  se\u00f1al\u00f3 que la producci\u00f3n pesquera no se ha recuperado desde hace apr\u00f3ximadamente 3 a\u00f1os. <br>Seguimos con un 60 por ciento a la baja de la producci\u00f3n que normalmente ten\u00edamos, al tiempo que dijo eso es algo que tenemos que aprender a vivir con ello.  Ya no va haber productos del mar como en otros a\u00f1os y por lo mismo hay que buscar otras  alternativas.<br>La baja de la producci\u00f3n se debi\u00f3 primeramente a los eventos del norte tan fuerte que tuvimos, el de hace dos a\u00f1os fue un invierto crudo, otro factor es el tema de la contaminaci\u00f3n que eso es algo que nos est\u00e1 afectando mucho ya que las especies marinas se alejan y por lo mismo dejamos de capturar. <br>Actualmente se ha dejador de capturar todas las especies, no han desaparecido lo que pasa es que al alejarse a aguas profundas ya no los capturamos. <br>Las alternativas que tenemos los pescadores son buscar trabajos alternos  a nuestra actividad,\u00bb algo que tenga que ver con el agua y la otra alternativa que estamos buscando es la repoblaci\u00f3n, es decir hacer siembra de peces para repoblar los r\u00edos, lagunas e incluso el Mar. <br><br><br><br><br><br><br><br><br><br><br><br><br><br><br><br><br><br><br><br><br><br><br><br><br><br><br><br><br><br><br><\/p>\n","protected":false},"excerpt":{"rendered":"<p>\u00b0Actualmente tenemos un norte por semana. AUSENCIO RIVERA\/VOCESVER.COM\/NOTICIAS Veracruz,Ver.- a 9 de Noviembre 2021.- Pese a la temporada de frentes<\/p>\n","protected":false},"author":2,"featured_media":31790,"comment_status":"open","ping_status":"open","sticky":false,"template":"","format":"standard","meta":{"colormag_page_container_layout":"default_layout","colormag_page_sidebar_layout":"default_layout","footnotes":""},"categories":[2],"tags":[],"class_list":["post-31783","post","type-post","status-publish","format-standard","has-post-thumbnail","hentry","category-infogral"],"_links":{"self":[{"href":"http:\/\/vocesver.com\/noticias\/wp-json\/wp\/v2\/posts\/31783","targetHints":{"allow":["GET"]}}],"collection":[{"href":"http:\/\/vocesver.com\/noticias\/wp-json\/wp\/v2\/posts"}],"about":[{"href":"http:\/\/vocesver.com\/noticias\/wp-json\/wp\/v2\/types\/post"}],"author":[{"embeddable":true,"href":"http:\/\/vocesver.com\/noticias\/wp-json\/wp\/v2\/users\/2"}],"replies":[{"embeddable":true,"href":"http:\/\/vocesver.com\/noticias\/wp-json\/wp\/v2\/comments?post=31783"}],"version-history":[{"count":3,"href":"http:\/\/vocesver.com\/noticias\/wp-json\/wp\/v2\/posts\/31783\/revisions"}],"predecessor-version":[{"id":31791,"href":"http:\/\/vocesver.com\/noticias\/wp-json\/wp\/v2\/posts\/31783\/revisions\/31791"}],"wp:featuredmedia":[{"embeddable":true,"href":"http:\/\/vocesver.com\/noticias\/wp-json\/wp\/v2\/media\/31790"}],"wp:attachment":[{"href":"http:\/\/vocesver.com\/noticias\/wp-json\/wp\/v2\/media?parent=31783"}],"wp:term":[{"taxonomy":"category","embeddable":true,"href":"http:\/\/vocesver.com\/noticias\/wp-json\/wp\/v2\/categories?post=31783"},{"taxonomy":"post_tag","embeddable":true,"href":"http:\/\/vocesver.com\/noticias\/wp-json\/wp\/v2\/tags?post=31783"}],"curies":[{"name":"wp","href":"https:\/\/api.w.org\/{rel}","templated":true}]}}