{"id":31767,"date":"2021-11-09T21:51:12","date_gmt":"2021-11-09T21:51:12","guid":{"rendered":"http:\/\/vocesver.com\/noticias\/?p=31767"},"modified":"2021-11-09T21:55:53","modified_gmt":"2021-11-09T21:55:53","slug":"prd-desaparece-de-congreso-de-veracruz","status":"publish","type":"post","link":"http:\/\/vocesver.com\/noticias\/prd-desaparece-de-congreso-de-veracruz\/","title":{"rendered":"PRD desaparece de Congreso de Veracruz"},"content":{"rendered":"\n<p><br><br><br>\u00b0El Partido de la Revoluci\u00f3n Democr\u00e1tica (PRD) pierde su bancada con la desbandada de sus dos \u00fanicas diputadas locales.<br><br><br>REDACCI\u00d3N\/VOCESVER.COM\/NOTICIAS<br><br>Xalapa, Ver., 09 de noviembre de 2021.- Luego de anunciar su renuncia al Partido de la Revoluci\u00f3n Democr\u00e1tica (PRD), las diputadas locales, Perla Eufemia Romero Rodr\u00edguez y Lidia Irma Mezhua Campos, se sumaron este d\u00eda al Movimiento de Regeneraci\u00f3n Nacional (Morena). Con esto, el partido del Sol Azteca perdi\u00f3 sus \u00fanicas curules en la LXVI Legislatura del Congreso del Estado.<br><br>En sus redes sociales, el Delegado Estatal en funciones de Presidente de Morena en Veracruz, Esteban Ram\u00edrez Zepeta, as\u00ed como el diputado local, Juan Javier G\u00f3mez Cazar\u00edn, dieron a conocer la suma de las dos diputadas al movimiento de la Cuarta Transformaci\u00f3n. Por lo anterior, se espera que tanto Perla Eufemia como Lidia Irma se integren al impulso a las reformas emitidas por el Presidente Andr\u00e9s Manuel L\u00f3pez Obrador y el gobernador Cuitl\u00e1huac Garc\u00eda Jim\u00e9nez.<br><br>Al realizar este anuncio, Ram\u00edrez Zepeta consider\u00f3 importante que el movimiento siga creciendo gracias a personas de buena voluntad que contribuyen a las tareas de respaldo del Presidente y la Cuarta Transformaci\u00f3n. Por su parte, G\u00f3mez Cazar\u00edn destac\u00f3 que la suma de voluntades en favor de Veracruz siempre ser\u00e1 bien recibida.<br><br>Perla Eufemia Romero Rodr\u00edguez, de Papantla, es educadora y cuenta con trabajo en la sociedad civil. Por su parte, Lidia Irma Mezhua Campos es originaria de Zongolica, donde fue alcaldesa en 2010 siendo la primera mujer en ocupar ese cargo en la comunidad. En junio de 2020 Mezhua Campos inform\u00f3 en sus redes sociales su renuncia al PRD, en el que milit\u00f3 por 20 a\u00f1os, debido a decisiones al interior de ese partido.<br><br>Cabe recordar que en las elecciones de junio, el PRD obtuvo el 3.77 por ciento de los votos de la ciudadan\u00eda, alcanzando apenas el m\u00ednimo requerido por la ley electoral y estando cerca de perder su registro en el estado de Veracruz<br><br><br><br><br><br><br><br><br><br><br><br><br><br><br><br><br><br><br><br><br><br><br><br><br><br><\/p>\n","protected":false},"excerpt":{"rendered":"<p>\u00b0El Partido de la Revoluci\u00f3n Democr\u00e1tica (PRD) pierde su bancada con la desbandada de sus dos \u00fanicas diputadas locales. REDACCI\u00d3N\/VOCESVER.COM\/NOTICIAS<\/p>\n","protected":false},"author":2,"featured_media":31776,"comment_status":"open","ping_status":"open","sticky":false,"template":"","format":"standard","meta":{"colormag_page_container_layout":"default_layout","colormag_page_sidebar_layout":"default_layout","footnotes":""},"categories":[4],"tags":[],"class_list":["post-31767","post","type-post","status-publish","format-standard","has-post-thumbnail","hentry","category-estatal"],"_links":{"self":[{"href":"http:\/\/vocesver.com\/noticias\/wp-json\/wp\/v2\/posts\/31767","targetHints":{"allow":["GET"]}}],"collection":[{"href":"http:\/\/vocesver.com\/noticias\/wp-json\/wp\/v2\/posts"}],"about":[{"href":"http:\/\/vocesver.com\/noticias\/wp-json\/wp\/v2\/types\/post"}],"author":[{"embeddable":true,"href":"http:\/\/vocesver.com\/noticias\/wp-json\/wp\/v2\/users\/2"}],"replies":[{"embeddable":true,"href":"http:\/\/vocesver.com\/noticias\/wp-json\/wp\/v2\/comments?post=31767"}],"version-history":[{"count":2,"href":"http:\/\/vocesver.com\/noticias\/wp-json\/wp\/v2\/posts\/31767\/revisions"}],"predecessor-version":[{"id":31773,"href":"http:\/\/vocesver.com\/noticias\/wp-json\/wp\/v2\/posts\/31767\/revisions\/31773"}],"wp:featuredmedia":[{"embeddable":true,"href":"http:\/\/vocesver.com\/noticias\/wp-json\/wp\/v2\/media\/31776"}],"wp:attachment":[{"href":"http:\/\/vocesver.com\/noticias\/wp-json\/wp\/v2\/media?parent=31767"}],"wp:term":[{"taxonomy":"category","embeddable":true,"href":"http:\/\/vocesver.com\/noticias\/wp-json\/wp\/v2\/categories?post=31767"},{"taxonomy":"post_tag","embeddable":true,"href":"http:\/\/vocesver.com\/noticias\/wp-json\/wp\/v2\/tags?post=31767"}],"curies":[{"name":"wp","href":"https:\/\/api.w.org\/{rel}","templated":true}]}}