{"id":31214,"date":"2021-10-11T20:13:10","date_gmt":"2021-10-11T20:13:10","guid":{"rendered":"http:\/\/vocesver.com\/noticias\/?p=31214"},"modified":"2021-10-11T20:13:12","modified_gmt":"2021-10-11T20:13:12","slug":"confirma-prd-su-relanzamiento-como-fuerza-progresistasergio-cadena","status":"publish","type":"post","link":"http:\/\/vocesver.com\/noticias\/confirma-prd-su-relanzamiento-como-fuerza-progresistasergio-cadena\/","title":{"rendered":"Confirma PRD su relanzamiento como fuerza progresista;Sergio Cadena."},"content":{"rendered":"\n<p><br><br><br><br>-Este lunes se lleva a cabo el evento partidario \u201cCompromisos por la unidad y la transformaci\u00f3n democr\u00e1tica del PRD\u201d.<br><br>-Nuestro instituto pol\u00edtico ha emprendido una ruta de profunda reforma basada en el di\u00e1logo y la unidad.<br><br><br><br>rREDACCI\u00d3N\/VOCESVER.COM\/NOTICIAS<br><br><br>Xalapa Ver., 11 de octubre de 2021.- El Partido de la Revoluci\u00f3n Democr\u00e1tica (PRD) se prepara y trabaja para relanzar la propuesta partidista que consolide su oferta, presencia y confianza ciudadana entre los mexicanos, a fin de ser un contrapeso real al esquema autoritario de este gobierno, se\u00f1al\u00f3 Sergio Cadena Mart\u00ednez, presidente de la Direcci\u00f3n Estatal Ejecutiva en Veracruz.<br><br>El dirigente resalt\u00f3 que de cara a las elecciones venideras se llevar\u00e1 a cabo este lunes el evento \u201cCompromisos por la unidad y la transformaci\u00f3n democr\u00e1tica del PRD\u201d, con lo que el Partido del Sol Azteca inicia una ruta de profunda revisi\u00f3n de sus documentos b\u00e1sicos, donde se pondera la unidad y el di\u00e1logo entre todas las voces, por lo que no duda que se consolidar\u00e1n como la izquierda democr\u00e1tica y progresista de M\u00e9xico.<br><br>Cadena Mart\u00ednez agreg\u00f3 que existe plena conciencia entre las filas perredistas de que Veracruz y el pa\u00eds requieren ahora m\u00e1s que nunca una fuerza opositora con enfoque social y pleno respeto a los derechos humanos.<br><br>Dio a conocer que este s\u00e1bado se llev\u00f3 a cabo el XVII Congreso Nacional Ordinario, en el cual se armonizaron los documentos b\u00e1sicos para lograr la igualdad sustantiva y erradicaci\u00f3n de la violencia pol\u00edtica contra las mujeres en raz\u00f3n de g\u00e9nero.<br><br>Finalmente, destac\u00f3 que se avanza en sentar las bases para caminar hacia una reconstrucci\u00f3n que garantice justicia, oportunidades y libertades, con lo que se refrenda el sentido de consenso, di\u00e1logo, intercambio de ideas y unidad, lo que refrenda el compromiso con las bases y grupos sociales.<br><br><br><br><br><br><br><br><br><br><br><br><br><br><br><br><br><br><br><br><br><br><br><br><br><br><br><br><br><br><br><br><\/p>\n","protected":false},"excerpt":{"rendered":"<p>-Este lunes se lleva a cabo el evento partidario \u201cCompromisos por la unidad y la transformaci\u00f3n democr\u00e1tica del PRD\u201d. -Nuestro<\/p>\n","protected":false},"author":2,"featured_media":31220,"comment_status":"open","ping_status":"open","sticky":false,"template":"","format":"standard","meta":{"colormag_page_container_layout":"default_layout","colormag_page_sidebar_layout":"default_layout","footnotes":""},"categories":[2],"tags":[],"class_list":["post-31214","post","type-post","status-publish","format-standard","has-post-thumbnail","hentry","category-infogral"],"_links":{"self":[{"href":"http:\/\/vocesver.com\/noticias\/wp-json\/wp\/v2\/posts\/31214","targetHints":{"allow":["GET"]}}],"collection":[{"href":"http:\/\/vocesver.com\/noticias\/wp-json\/wp\/v2\/posts"}],"about":[{"href":"http:\/\/vocesver.com\/noticias\/wp-json\/wp\/v2\/types\/post"}],"author":[{"embeddable":true,"href":"http:\/\/vocesver.com\/noticias\/wp-json\/wp\/v2\/users\/2"}],"replies":[{"embeddable":true,"href":"http:\/\/vocesver.com\/noticias\/wp-json\/wp\/v2\/comments?post=31214"}],"version-history":[{"count":2,"href":"http:\/\/vocesver.com\/noticias\/wp-json\/wp\/v2\/posts\/31214\/revisions"}],"predecessor-version":[{"id":31221,"href":"http:\/\/vocesver.com\/noticias\/wp-json\/wp\/v2\/posts\/31214\/revisions\/31221"}],"wp:featuredmedia":[{"embeddable":true,"href":"http:\/\/vocesver.com\/noticias\/wp-json\/wp\/v2\/media\/31220"}],"wp:attachment":[{"href":"http:\/\/vocesver.com\/noticias\/wp-json\/wp\/v2\/media?parent=31214"}],"wp:term":[{"taxonomy":"category","embeddable":true,"href":"http:\/\/vocesver.com\/noticias\/wp-json\/wp\/v2\/categories?post=31214"},{"taxonomy":"post_tag","embeddable":true,"href":"http:\/\/vocesver.com\/noticias\/wp-json\/wp\/v2\/tags?post=31214"}],"curies":[{"name":"wp","href":"https:\/\/api.w.org\/{rel}","templated":true}]}}