{"id":31210,"date":"2021-10-10T17:26:24","date_gmt":"2021-10-10T17:26:24","guid":{"rendered":"http:\/\/vocesver.com\/noticias\/?p=31210"},"modified":"2021-10-10T17:29:21","modified_gmt":"2021-10-10T17:29:21","slug":"este-lunes-se-aplica-segunda-dosis-de-covid-a-mayores-de-30-a-39-anos-en-puerto-de-veracruz","status":"publish","type":"post","link":"http:\/\/vocesver.com\/noticias\/este-lunes-se-aplica-segunda-dosis-de-covid-a-mayores-de-30-a-39-anos-en-puerto-de-veracruz\/","title":{"rendered":"ESTE LUNES SE APLICA SEGUNDA DOSIS DE COVID A MAYORES DE 30 A 39 A\u00d1OS EN PUERTO DE VERACRUZ."},"content":{"rendered":"\n<p><br> <br><br>REDACCI\u00d3N\/VOCESVER.COM\/NOTICIAS<br><br>Veracruz,ver.- A partir de este lunes la Brigada Correcaminos estar\u00e1 aplicando  la segunda dosis de la vacuna contra COVUD.19,, a las personas de 30 a 39 a\u00f1os de edad.<br><br>Es muy importante presentar el comprobante de la primera dosis y el registro de la p\u00e1gina http:\/\/mivacuna.salud.gob.mx\/.<br><br><br><br><br><br><br><br><br><br><br><br><br><br><br><br><br><br><br><br><br><br><br><\/p>\n","protected":false},"excerpt":{"rendered":"<p>REDACCI\u00d3N\/VOCESVER.COM\/NOTICIAS Veracruz,ver.- A partir de este lunes la Brigada Correcaminos estar\u00e1 aplicando la segunda dosis de la vacuna contra COVUD.19,,<\/p>\n","protected":false},"author":2,"featured_media":31217,"comment_status":"open","ping_status":"open","sticky":false,"template":"","format":"standard","meta":{"colormag_page_container_layout":"default_layout","colormag_page_sidebar_layout":"default_layout","footnotes":""},"categories":[2],"tags":[],"class_list":["post-31210","post","type-post","status-publish","format-standard","has-post-thumbnail","hentry","category-infogral"],"_links":{"self":[{"href":"http:\/\/vocesver.com\/noticias\/wp-json\/wp\/v2\/posts\/31210","targetHints":{"allow":["GET"]}}],"collection":[{"href":"http:\/\/vocesver.com\/noticias\/wp-json\/wp\/v2\/posts"}],"about":[{"href":"http:\/\/vocesver.com\/noticias\/wp-json\/wp\/v2\/types\/post"}],"author":[{"embeddable":true,"href":"http:\/\/vocesver.com\/noticias\/wp-json\/wp\/v2\/users\/2"}],"replies":[{"embeddable":true,"href":"http:\/\/vocesver.com\/noticias\/wp-json\/wp\/v2\/comments?post=31210"}],"version-history":[{"count":2,"href":"http:\/\/vocesver.com\/noticias\/wp-json\/wp\/v2\/posts\/31210\/revisions"}],"predecessor-version":[{"id":31215,"href":"http:\/\/vocesver.com\/noticias\/wp-json\/wp\/v2\/posts\/31210\/revisions\/31215"}],"wp:featuredmedia":[{"embeddable":true,"href":"http:\/\/vocesver.com\/noticias\/wp-json\/wp\/v2\/media\/31217"}],"wp:attachment":[{"href":"http:\/\/vocesver.com\/noticias\/wp-json\/wp\/v2\/media?parent=31210"}],"wp:term":[{"taxonomy":"category","embeddable":true,"href":"http:\/\/vocesver.com\/noticias\/wp-json\/wp\/v2\/categories?post=31210"},{"taxonomy":"post_tag","embeddable":true,"href":"http:\/\/vocesver.com\/noticias\/wp-json\/wp\/v2\/tags?post=31210"}],"curies":[{"name":"wp","href":"https:\/\/api.w.org\/{rel}","templated":true}]}}