{"id":31201,"date":"2021-10-10T16:46:59","date_gmt":"2021-10-10T16:46:59","guid":{"rendered":"http:\/\/vocesver.com\/noticias\/?p=31201"},"modified":"2021-10-10T16:47:02","modified_gmt":"2021-10-10T16:47:02","slug":"que-universidades-regresaran-a-las-aulas-este-lunes-esto-dijeron-las-10-mas-importantes-de-mexico","status":"publish","type":"post","link":"http:\/\/vocesver.com\/noticias\/que-universidades-regresaran-a-las-aulas-este-lunes-esto-dijeron-las-10-mas-importantes-de-mexico\/","title":{"rendered":"\u00bfQu\u00e9 universidades regresar\u00e1n a las aulas este lunes? Esto dijeron las 10 m\u00e1s importantes de M\u00e9xico."},"content":{"rendered":"\n<p><br>Algunas universidades como la UNAM han respondido al titular del Ejecutivo. Ello en el contexto de regreso a clases en los niveles b\u00e1sicos. Foto: Cuartoscuro.<br><br><br>REDACCI\u00d3N\/VOCESVER.COM\/NOTICIAS<br><br><br>NACIONAL.- A 9 DE OCTUBRE 2021.- DE ACUIERD CON INFORMACI\u00d3N DE UNOTV.COM&#8230;..En el contexto en el que el presidente Andr\u00e9s Manuel L\u00f3pez Obrador pidi\u00f3 el regreso presencial a clases, algunas de las 10 mejores universidades del pa\u00eds han dado su postura y ciertas manejan ya un sistema h\u00edbrido.<br><br><br>Estas son algunas escuelas en el nivel superior que han vuelto a las aulas, o que han dado su posicionamiento sobre la c\u00e1tedra presencial.<br><br><br>Al tiempo, la Secretar\u00eda de Educaci\u00f3n P\u00fablica (SEP), ya adelant\u00f3 que los niveles b\u00e1sicos de educaci\u00f3n regresar\u00e1n las aulas el 11 de octubre en siete estados.<br><br>UNAM<br>La Universidad Nacional Aut\u00f3noma de M\u00e9xico (UNAM) mostr\u00f3 su preocupaci\u00f3n por el regreso a los salones, no obstante, la m\u00e1xima casa de estudios precis\u00f3 que esto solo ocurrir\u00e1 hasta que exista el sem\u00e1foro verde, principalmente en la CDMX, donde tiene mayor presencial.<br><br><br>\u201c(Las clases presenciales) se han cumplido, particularmente, en casos en los que la asistencia de estudiantes y docentes es indispensable. La presencia crecer\u00e1 con medidas sanitarias, y el regreso a clases se intensificar\u00e1 cuando el sem\u00e1foro epidemiol\u00f3gico pase al color verde\u201d.<br><br>Comunic\u00f3 la UNAM<br>IPN<br>Por otra parte, tanto el Instituto Polit\u00e9cnico Nacional (IPN) inici\u00f3 un modelo h\u00edbrido de clases desde el 8 de agosto, ello al igual que el Tecnol\u00f3gico de Monterrey.<br><br><br><br><br>De acuerdo con el IPN, los estudiantes de las carreras de t\u00e9cnico en: Construcci\u00f3n, Mecatr\u00f3nica, Sistemas digitales, Sistemas de control el\u00e9ctrico y Procesos industriales, regresaron a las aulas, aunque con medidas antipandemia y no de lleno, precisaron sistema h\u00edbrido.<br><br>TEC de Monterrey<br>Al igual que IPN, el TEC de Monterrey comunic\u00f3 que las clases y otras actividades presenciales se retomaron de manera gradual desde el 16 de agosto luego que el Gobierno Federal determin\u00f3 que el sector educativo ahora es considerado como actividad esencial.<br><br>\u201cEsto tambi\u00e9n aplica en las entidades con sem\u00e1foro de riesgo epidemiol\u00f3gico en color rojo. De manera voluntaria, los estudiantes que hayan elegido una modalidad h\u00edbrida podr\u00e1n regresar a los campus de manera gradual para asistir a clases, pr\u00e1cticas de laboratorio, actividades de bienestar y despliegue de grupos h\u00edbridos y presenciales\u201d.<br><br>Comunicado del TEC de Monterrey.<br>La instituci\u00f3n agreg\u00f3 que ir\u00e1 programando la activaci\u00f3n de estas actividades bajo estrictos protocolos de seguridad e higiene, con aforos reducidos y conforme a las condiciones de cada localidad lo permitan.<br><br>Universidad de Guadalajara<br>La Universidad de Guadalajara adelant\u00f3 que ya est\u00e1 en un modelo h\u00edbrido de clases debido a que las condiciones actuales de la pandemia en Jalisco permiten que se tenga la modalidad presencial y virtual. Ello, para cursar el cien por ciento de las asignaturas en centros universitarios y preparatorias de la Red Universitaria.<br><br><br>As\u00ed lo dio a conocer el Rector General de la UdeG, doctor Ricardo Villanueva Lomel\u00ed, durante una rueda de prensa, acompa\u00f1ado de las y los integrantes del Consejo de Rectores, y miembros de la Sala de Situaci\u00f3n en Salud, este lunes, en el Centro Universitario de Ciencias Exactas e Ingenier\u00edas (CUCEI).<br><br>Villanueva Lomel\u00ed inform\u00f3 que el regreso seguro a las aulas se dio a partir del lunes 4 de octubre y explic\u00f3 que cada docente definir\u00e1 c\u00f3mo ser\u00e1 dicha din\u00e1mica, en funci\u00f3n de las caracter\u00edsticas f\u00edsicas de las aulas.<br><br>Universidad Aut\u00f3noma de Nuevo Le\u00f3n<br>De igual manera, la universidad Aut\u00f3noma de Nuevo Le\u00f3n comunic\u00f3 que el regreso a clases presenciales se dio desde el 4 de agosto, ello con medidas de higiene.<br><br>Al tiempo, la universidad inform\u00f3 que junto con la UNAM y TEC es de las tres mejores escuelas para estudiar una ingenier\u00eda.<br><br><br><br><br>Universidad Veracruzana<br>En tanto, la Universidad Veracruzana (UV) inform\u00f3 que por cuestiones de \u201csalud mental\u201d, los alumnos volver\u00e1n a las aulas al concluir octubre.<br><br>En redes sociales, los veracruzanos agregaron encuestas para saber la opini\u00f3n de la comunidad universitaria.<br><br><br><br><br>Universidad Aut\u00f3noma Metropolitana<br>La Universidad Aut\u00f3noma Metropolitana (UAM) inform\u00f3 que fue un reto pasar del modelo presencial a uno v\u00eda remota como \u201cuna ruta alterna para mejorar la formaci\u00f3n\u201d.<br><br>La escuela no dio fecha, pero explic\u00f3 que ya est\u00e1n trabajando en un modelo para regresar a clases presenciales.<br><br>En tanto, la escuela implement\u00f3 el Proyecto Emergente de Ense\u00f1anza Remota (PEER), que permiti\u00f3 ajustar el calendario escolar y adaptarlo a la nueva realidad que imperaba en 2020.<br><br>\u201cAnalizaremos la posibilidad de enriquecer la transici\u00f3n para el retorno a las instalaciones con las experiencias que hemos vivido para encontrar una nueva manera de hacer las cosas en la universidad con la solidaridad manifiesta de todas y todos\u201d.<br><br>Jos\u00e9 Antonio De los Reyes Heredia, rector general de esta casa de estudios.<br>Universidad Aut\u00f3noma del Estado de M\u00e9xico<br>En su p\u00e1gina oficial la Universidad Aut\u00f3noma del Estado de M\u00e9xico detall\u00f3 que el ciclo escolar 2021-2022 ser\u00e1 paulatino. \u201cRegreso Seguro\u201d es el plan que implementar\u00e1 la escuela para volver a las aulas.<br><br><br>Seg\u00fan la universidad mexiquense, durante el sem\u00e1foro epidemiol\u00f3gico naranja, los niveles vocacionales y superiores aceptar\u00e1n hasta un aforo del 50% de estudiante.<br><br>Estos podr\u00e1n asistir de manera voluntaria. La escuela explic\u00f3 que se mantendr\u00e1 la modalidad mixta. Es decir: presencial y virtual.<br><br>Universidad de las Am\u00e9ricas Puebla<br>En tanto, la Universidad de las Am\u00e9ricas Puebla (UDLAP) regres\u00f3 a clases desde mayo de este a\u00f1o. Aunque esta escuela ha sido m\u00e1s herm\u00e9tica sobre la estrategia que llev\u00f3 a cabo.<br><br>Aunque se sabe que los primeros alumnos en regresar fueron de las facultades de Qu\u00edmica y Medicina. Inicialmente la escuela acept\u00f3 aforo de 118 estudiantes.<br><br>Universidad Aut\u00f3noma de Hidalgo<br>El pasado lunes 02 de agosto inici\u00f3 en la Universidad Aut\u00f3noma del Estado de Hidalgo (UAEH) el semestre julio-diciembre 2021 de manera \u201cNo Presencial\u201d para los m\u00e1s de 60 mil estudiantes de bachillerato, licenciatura y posgrado, la escuela agreg\u00f3 que no tiene planes para un regreso pr\u00f3ximo a los salones de clases.<br><br>\u201cDe acuerdo al comportamiento y las condiciones que la situaci\u00f3n epidemiol\u00f3gica presente, esta casa de estudios dar\u00e1 a conocer a trav\u00e9s de los medios institucionales de comunicaci\u00f3n cualquier modificaci\u00f3n a la estrategia de Seguridad en Salud\u201d.<br><br>Universidad Aut\u00f3noma del Estado de Hidalgo (UAEH)<br><br><br><br><br><br>Universidad Aut\u00f3noma de Sinaloa<br>Por cierto, aunque no es para este lunes 11 de octubre, como una propuesta a implementarse en la Universidad Aut\u00f3noma de Sinaloa (UAS), ya catalogaron vicerrectores y directores de escuelas, as\u00ed como facultades, el plan de regreso a clases presenciales; aunque, esto ser\u00e1 para iniciar el lunes 18 de octubre en los niveles medio superior y superior de la instituci\u00f3n<br><br><br><br><br><br><br><br><br><br><br><br><br><br><br><br><br><br><br><br><br><br><br><br><br><br><br><br><br><br><br><br><br><br><br><br><br><\/p>\n","protected":false},"excerpt":{"rendered":"<p>Algunas universidades como la UNAM han respondido al titular del Ejecutivo. Ello en el contexto de regreso a clases en<\/p>\n","protected":false},"author":2,"featured_media":31207,"comment_status":"open","ping_status":"open","sticky":false,"template":"","format":"standard","meta":{"colormag_page_container_layout":"default_layout","colormag_page_sidebar_layout":"default_layout","footnotes":""},"categories":[5],"tags":[],"class_list":["post-31201","post","type-post","status-publish","format-standard","has-post-thumbnail","hentry","category-nacional"],"_links":{"self":[{"href":"http:\/\/vocesver.com\/noticias\/wp-json\/wp\/v2\/posts\/31201","targetHints":{"allow":["GET"]}}],"collection":[{"href":"http:\/\/vocesver.com\/noticias\/wp-json\/wp\/v2\/posts"}],"about":[{"href":"http:\/\/vocesver.com\/noticias\/wp-json\/wp\/v2\/types\/post"}],"author":[{"embeddable":true,"href":"http:\/\/vocesver.com\/noticias\/wp-json\/wp\/v2\/users\/2"}],"replies":[{"embeddable":true,"href":"http:\/\/vocesver.com\/noticias\/wp-json\/wp\/v2\/comments?post=31201"}],"version-history":[{"count":2,"href":"http:\/\/vocesver.com\/noticias\/wp-json\/wp\/v2\/posts\/31201\/revisions"}],"predecessor-version":[{"id":31208,"href":"http:\/\/vocesver.com\/noticias\/wp-json\/wp\/v2\/posts\/31201\/revisions\/31208"}],"wp:featuredmedia":[{"embeddable":true,"href":"http:\/\/vocesver.com\/noticias\/wp-json\/wp\/v2\/media\/31207"}],"wp:attachment":[{"href":"http:\/\/vocesver.com\/noticias\/wp-json\/wp\/v2\/media?parent=31201"}],"wp:term":[{"taxonomy":"category","embeddable":true,"href":"http:\/\/vocesver.com\/noticias\/wp-json\/wp\/v2\/categories?post=31201"},{"taxonomy":"post_tag","embeddable":true,"href":"http:\/\/vocesver.com\/noticias\/wp-json\/wp\/v2\/tags?post=31201"}],"curies":[{"name":"wp","href":"https:\/\/api.w.org\/{rel}","templated":true}]}}