{"id":31095,"date":"2021-10-04T17:17:54","date_gmt":"2021-10-04T17:17:54","guid":{"rendered":"http:\/\/vocesver.com\/noticias\/?p=31095"},"modified":"2021-10-04T17:17:56","modified_gmt":"2021-10-04T17:17:56","slug":"con-desfile-aereo-marina-conmemora-los-200-anos-de-la-creacion-de-esta-institucion","status":"publish","type":"post","link":"http:\/\/vocesver.com\/noticias\/con-desfile-aereo-marina-conmemora-los-200-anos-de-la-creacion-de-esta-institucion\/","title":{"rendered":"CON DESFILE A\u00c9REO MARINA CONMEMORA LOS 200 A\u00d1OS DE LA CREACI\u00d3N DE ESTA INSTITUCI\u00d3N."},"content":{"rendered":"\n<p><br><br>CON DESFILE A\u00c9REO MARINA CONMEMORA LOS 200 A\u00d1OS DE LA CREACI\u00d3N DE ESTA INSTITUCI\u00d3N.<br><br><br><br>REDACCI\u00d3N\/VOCESVER.COM\/NOTICIAS<br><br>Veracruz,Ver.- a 4 de Ocubre 2021.- La Secretar\u00eda de Marina Armada de M\u00e9xico  prepara un desfile a\u00e9reo, terrestre y acu\u00e1tico para el *4 de octubre*, que contar\u00e1 con m\u00e1s de 20 aeronaves de toda clase, esto con motivo a la conmemoraci\u00f3n de los 200 a\u00f1os de la creaci\u00f3n de esta instituci\u00f3n.<br><br>El espect\u00e1culo a\u00e9reo se podr\u00e1 apreciar en la zona del *Malec\u00f3n y sobre el bulevar Manuel \u00c1vila Camacho*,  alrededor de las *5 de la tarde* se podr\u00e1n ver surcando el cielo naves como:T-6C; 1 helic\u00f3ptero AS-S65MRE; 4 helic\u00f3pteros UH-60M; 12 aviones 06T-6C y 03 CN-235; 8 helic\u00f3pteros MI-17 y AS.565MRE, y 9 aviones T-6C.<br><br>Simult\u00e1neamente participar\u00e1n embarcaciones de todo tipo, y en la tierra se realizar\u00e1 un desfile con la participaci\u00f3n de cientos de marinos, quienes contar\u00e1n con banda de guerra.<br><br>Ante esto, tambi\u00e9n se cont\u00f3 con la llegada de los buques multiprop\u00f3sito MP-01 \u201cHuasteco\u201d, la patrulla oce\u00e1nicas \u201cBaja California\u201d, la patrulla \u201cBicentenario de la Independencia\u201d y \u201cTabasco\u201d, que son parte de la  Flota Naval del Golfo de la Secretar\u00eda de Marina.<br><br>La celebraci\u00f3n de este Bicentenario se remonta a los inicios del M\u00e9xico independiente, el 4 de octubre de 1821, cuando el General Agust\u00edn de Iturbide, ante la necesidad del joven Estado mexicano de contar con una Armada para salvaguardar la Soberan\u00eda Nacional, decret\u00f3 la creaci\u00f3n del Ministerio de Guerra y Marina, dirigido por el Teniente de Nav\u00edo Antonio de Medina Miranda, acto con el que dio inicio la historia de la Armada de M\u00e9xico.<br><br>En la demostraci\u00f3n a\u00e9rea participar\u00e1n pilotos de todas las edades, todos ellos graduados de la Heroica Escuela Naval Militar, de Ant\u00f3n Lizardo, se trata de una las misiones m\u00e1s importantes para ellos ya que es el Aniversario n\u00famero 200 de su instituci\u00f3n.<br><br><br><br><br><br><br><br><br><br><br><br><br><br><br><br><br><br><br><br><br><br><br><br><br><br><br><br><br><br><\/p>\n","protected":false},"excerpt":{"rendered":"<p>CON DESFILE A\u00c9REO MARINA CONMEMORA LOS 200 A\u00d1OS DE LA CREACI\u00d3N DE ESTA INSTITUCI\u00d3N. REDACCI\u00d3N\/VOCESVER.COM\/NOTICIAS Veracruz,Ver.- a 4 de Ocubre<\/p>\n","protected":false},"author":2,"featured_media":31100,"comment_status":"open","ping_status":"open","sticky":false,"template":"","format":"standard","meta":{"colormag_page_container_layout":"default_layout","colormag_page_sidebar_layout":"default_layout","footnotes":""},"categories":[2],"tags":[],"class_list":["post-31095","post","type-post","status-publish","format-standard","has-post-thumbnail","hentry","category-infogral"],"_links":{"self":[{"href":"http:\/\/vocesver.com\/noticias\/wp-json\/wp\/v2\/posts\/31095","targetHints":{"allow":["GET"]}}],"collection":[{"href":"http:\/\/vocesver.com\/noticias\/wp-json\/wp\/v2\/posts"}],"about":[{"href":"http:\/\/vocesver.com\/noticias\/wp-json\/wp\/v2\/types\/post"}],"author":[{"embeddable":true,"href":"http:\/\/vocesver.com\/noticias\/wp-json\/wp\/v2\/users\/2"}],"replies":[{"embeddable":true,"href":"http:\/\/vocesver.com\/noticias\/wp-json\/wp\/v2\/comments?post=31095"}],"version-history":[{"count":2,"href":"http:\/\/vocesver.com\/noticias\/wp-json\/wp\/v2\/posts\/31095\/revisions"}],"predecessor-version":[{"id":31101,"href":"http:\/\/vocesver.com\/noticias\/wp-json\/wp\/v2\/posts\/31095\/revisions\/31101"}],"wp:featuredmedia":[{"embeddable":true,"href":"http:\/\/vocesver.com\/noticias\/wp-json\/wp\/v2\/media\/31100"}],"wp:attachment":[{"href":"http:\/\/vocesver.com\/noticias\/wp-json\/wp\/v2\/media?parent=31095"}],"wp:term":[{"taxonomy":"category","embeddable":true,"href":"http:\/\/vocesver.com\/noticias\/wp-json\/wp\/v2\/categories?post=31095"},{"taxonomy":"post_tag","embeddable":true,"href":"http:\/\/vocesver.com\/noticias\/wp-json\/wp\/v2\/tags?post=31095"}],"curies":[{"name":"wp","href":"https:\/\/api.w.org\/{rel}","templated":true}]}}