{"id":31090,"date":"2021-10-02T15:51:51","date_gmt":"2021-10-02T15:51:51","guid":{"rendered":"http:\/\/vocesver.com\/noticias\/?p=31090"},"modified":"2021-10-02T15:51:52","modified_gmt":"2021-10-02T15:51:52","slug":"que-paso-el-2-de-octubre-de-1968-en-tlatelolco-2","status":"publish","type":"post","link":"http:\/\/vocesver.com\/noticias\/que-paso-el-2-de-octubre-de-1968-en-tlatelolco-2\/","title":{"rendered":"\u00bfQu\u00e9 pas\u00f3 el 2 de octubre de 1968 en Tlatelolco?"},"content":{"rendered":"\n<p><br><br><br><br><br><br><br><br>La matanza estudiantil del 2 de octubre de 1968 cumple 53 a\u00f1os. Foto: internet (Dominio p\u00fablico)<br><br>REDACCI\u00d3N\/VOCESVER.COM\/NOTICIAS<br><br>NACIONAL.- A 2 DE OCTUBRE 2021.- DE ACUERDO CON INFORMACI\u00d3N DE  EDUARDO GALV\u00c1N\/CIUDAD DE M\u00c9XICO\/UNOTV&#8230;..La matanza estudiantil del 2 de octubre de 1968 cumple 53 a\u00f1os. En aquella fecha, el ej\u00e9rcito reprimi\u00f3 violentamente a un grupo de estudiantes, profesores, intelectuales, obreros y profesionistas, quienes se congregaron en la Plaza de las Tres Culturas de Tlatelolco, en la Ciudad de M\u00e9xico, para exigir respeto a la autonom\u00eda universitaria, libertad a los presos pol\u00edticos, fin de la represi\u00f3n estatal y mejores condiciones laborales.<br><br><br>El movimiento estudiantil estall\u00f3 en julio de ese mismo a\u00f1o, cuando militares irrumpieron en dos preparatorias del IPN y la UNAM para llevar a cabo arrestos y actos de represi\u00f3n. Tras estos eventos, otras instituciones educativas se solidarizaron con los estudiantes, exigiendo la liberaci\u00f3n de sus compa\u00f1eros y la salida de las fuerzas castrenses de los recintos educativos.<br><br>Esta movilizaci\u00f3n fue adquiriendo una gran aceptaci\u00f3n en la sociedad, sobre todo en la poblaci\u00f3n joven de aquella \u00e9poca, reivindicando causas m\u00e1s generales, como el acceso a la educaci\u00f3n, la democratizaci\u00f3n de medios de comunicaci\u00f3n y el fin del acoso gubernamental.<br><br>El Gobierno pretend\u00eda mantener el orden previo a los Juegos Ol\u00edmpicos<br>En 1968, M\u00e9xico ser\u00eda sede de los Juegos Ol\u00edmpicos y a pocos d\u00edas de su inauguraci\u00f3n, programada para el 12 de octubre de ese a\u00f1o, el presidente Gustavo D\u00edaz Ordaz aument\u00f3 las medidas de seguridad y el despliegue de elementos castrenses en los alrededores de las sedes deportivas a fin de evitar disturbios y protestas por parte de los estudiantes.<br><br>Previo a la fecha de inauguraci\u00f3n de los Juegos Ol\u00edmpicos, diversas escuelas pertenecientes a la UNAM y el IPN programaron el 2 de octubre de 1968 un mitin en la Plaza de las Tres Culturas. Despu\u00e9s de la intervenci\u00f3n del primer ponente, el grupo paramilitar Batall\u00f3n Olimpia abri\u00f3 fuego en contra de los manifestantes.<br><br>Se desconoce la cifra exacta de muertos que dej\u00f3 este ataque en contra del movimiento estudiantil; sin embargo, se habla extraoficialmente que fueron m\u00e1s de 200, aunque las cifras oficiales de la \u00e9poca reportaron la muerte de 20 personas.<br><br><br>INF, DE EDUARDO GALV\u00c1N\/CIUDAD DE M\u00c9XICO\/UNOTV&#8230;<br><br><br><br><br><br><br><br><br><br><br><br><br><br><br><br><br><br><br><br><br><br><br><br><br><br><br><br><br><br><br><\/p>\n","protected":false},"excerpt":{"rendered":"<p>La matanza estudiantil del 2 de octubre de 1968 cumple 53 a\u00f1os. Foto: internet (Dominio p\u00fablico) REDACCI\u00d3N\/VOCESVER.COM\/NOTICIAS NACIONAL.- A 2<\/p>\n","protected":false},"author":2,"featured_media":31096,"comment_status":"open","ping_status":"open","sticky":false,"template":"","format":"standard","meta":{"colormag_page_container_layout":"default_layout","colormag_page_sidebar_layout":"default_layout","footnotes":""},"categories":[5],"tags":[],"class_list":["post-31090","post","type-post","status-publish","format-standard","has-post-thumbnail","hentry","category-nacional"],"_links":{"self":[{"href":"http:\/\/vocesver.com\/noticias\/wp-json\/wp\/v2\/posts\/31090","targetHints":{"allow":["GET"]}}],"collection":[{"href":"http:\/\/vocesver.com\/noticias\/wp-json\/wp\/v2\/posts"}],"about":[{"href":"http:\/\/vocesver.com\/noticias\/wp-json\/wp\/v2\/types\/post"}],"author":[{"embeddable":true,"href":"http:\/\/vocesver.com\/noticias\/wp-json\/wp\/v2\/users\/2"}],"replies":[{"embeddable":true,"href":"http:\/\/vocesver.com\/noticias\/wp-json\/wp\/v2\/comments?post=31090"}],"version-history":[{"count":2,"href":"http:\/\/vocesver.com\/noticias\/wp-json\/wp\/v2\/posts\/31090\/revisions"}],"predecessor-version":[{"id":31097,"href":"http:\/\/vocesver.com\/noticias\/wp-json\/wp\/v2\/posts\/31090\/revisions\/31097"}],"wp:featuredmedia":[{"embeddable":true,"href":"http:\/\/vocesver.com\/noticias\/wp-json\/wp\/v2\/media\/31096"}],"wp:attachment":[{"href":"http:\/\/vocesver.com\/noticias\/wp-json\/wp\/v2\/media?parent=31090"}],"wp:term":[{"taxonomy":"category","embeddable":true,"href":"http:\/\/vocesver.com\/noticias\/wp-json\/wp\/v2\/categories?post=31090"},{"taxonomy":"post_tag","embeddable":true,"href":"http:\/\/vocesver.com\/noticias\/wp-json\/wp\/v2\/tags?post=31090"}],"curies":[{"name":"wp","href":"https:\/\/api.w.org\/{rel}","templated":true}]}}