{"id":31086,"date":"2021-10-02T15:38:40","date_gmt":"2021-10-02T15:38:40","guid":{"rendered":"http:\/\/vocesver.com\/noticias\/?p=31086"},"modified":"2021-10-02T15:45:25","modified_gmt":"2021-10-02T15:45:25","slug":"toma-nota-ante-marcha-conmemorativa-del-2-de-octubre-ve-alternativas-viales","status":"publish","type":"post","link":"http:\/\/vocesver.com\/noticias\/toma-nota-ante-marcha-conmemorativa-del-2-de-octubre-ve-alternativas-viales\/","title":{"rendered":"\u00a1Toma nota! Ante marcha conmemorativa del 2 de octubre, ve alternativas viales."},"content":{"rendered":"\n<p>El inicio de la marcha 2 de octubre 2021 est\u00e1 prevista a que inicie a las 16:00 horas. Foto: Cuartoscuro\/Archivo<\/p>\n\n\n\n<p><br><br>REDACCI\u00d3N\/VOCESVER.COM\/NOTICIAS<br><br>NACIONAL.- (CDMX).A 2 DE OCTUBRE 2021.-DE ACUERDO CON INFORMACI\u00d3N DE UNOTV.COM,,,,,Este s\u00e1bado se llevar\u00e1 a cabo la marcha 2 de octubre de 2021, para conmemorar 53 a\u00f1os de la represi\u00f3n en la Plaza de las Tres Culturas en Tlatelolco y el movimiento estudiantil, en la Ciudad de M\u00e9xico (CDMX), en aquella \u00e9poca.<br><br><br>Ante esto, como cada a\u00f1o, distintos colectivos marchar\u00e1n por distintas avenidas de la capital, por lo que la Secretar\u00eda de Seguridad Ciudadana (SSC), ha dado a conocer las alternativas viales, ante la ruta prevista para esta tarde.<br><br>Marcha 2 de octubre 2021, \u00bfcu\u00e1les son las alternativas viales en CDMX?<br>La corporaci\u00f3n capitalina inform\u00f3 que ante la marcha conmemorativa de este 2 de octubre, implementar\u00e1 dispositivos cuyo objetivo es la seguridad, as\u00ed como garantizar la movilidad de peatones y automovilistas, ante las afectaciones viales en el centro de la ciudad para este s\u00e1bado.<br><br>Cabe resaltar que la marcha iniciar\u00e1 alrededor de las 16:00 horas, seg\u00fan la previsi\u00f3n de la Secretar\u00eda de Seguridad Ciudadana.<br>El punto de partida de la marcha ser\u00e1 desde la Plaza de las Tres Culturas, ubicada en la colonia Nonoalco Tlatelolco, en las inmediaciones de la alcald\u00eda Cuauht\u00e9moc, por lo que estar\u00e1 completamente cerrada la circulaci\u00f3n de la avenida Ricardo Flores Mag\u00f3n. Ante estos como alternativa vial puede utilizarse el Circuito Interior.<br><br><br>Posteriormente, la movilizaci\u00f3n se incorporar\u00e1 al Eje Central L\u00e1zaro C\u00e1rdenas, en este punto de la CDMX, como alternativa est\u00e1 prevista la avenida de Los Insurgentes, o bien, el Eje 1 Oriente (avenida Circunvalaci\u00f3n).<br><br>Despu\u00e9s, los contingentes ingresar\u00e1n a la avenida 5 de Mayo, para culminar en Plaza de la Constituci\u00f3n en el Z\u00f3calo capitalino, por lo que las opciones para la movilizaci\u00f3n del tr\u00e1nsito son las avenidas Jos\u00e9 Mar\u00eda Izazaga, Doctor R\u00edo de la Loza y Chapultepec.<br><br>INF. DE UNOTV.COM<br><br><br><br><br><br><br><br><br><br><br><br><br><br><br><br><br><br><br><br><br><br><br><br><br><br><br><br><br><br><br><br><br><br><br><br><br><br><br><br><br><br><br><br><br><br><br><br><br><br><br><br><br><br><br><br><br><br><br><br><\/p>\n","protected":false},"excerpt":{"rendered":"<p>El inicio de la marcha 2 de octubre 2021 est\u00e1 prevista a que inicie a las 16:00 horas. Foto: Cuartoscuro\/Archivo<\/p>\n","protected":false},"author":2,"featured_media":31092,"comment_status":"open","ping_status":"open","sticky":false,"template":"","format":"standard","meta":{"colormag_page_container_layout":"default_layout","colormag_page_sidebar_layout":"default_layout","footnotes":""},"categories":[5],"tags":[],"class_list":["post-31086","post","type-post","status-publish","format-standard","has-post-thumbnail","hentry","category-nacional"],"_links":{"self":[{"href":"http:\/\/vocesver.com\/noticias\/wp-json\/wp\/v2\/posts\/31086","targetHints":{"allow":["GET"]}}],"collection":[{"href":"http:\/\/vocesver.com\/noticias\/wp-json\/wp\/v2\/posts"}],"about":[{"href":"http:\/\/vocesver.com\/noticias\/wp-json\/wp\/v2\/types\/post"}],"author":[{"embeddable":true,"href":"http:\/\/vocesver.com\/noticias\/wp-json\/wp\/v2\/users\/2"}],"replies":[{"embeddable":true,"href":"http:\/\/vocesver.com\/noticias\/wp-json\/wp\/v2\/comments?post=31086"}],"version-history":[{"count":3,"href":"http:\/\/vocesver.com\/noticias\/wp-json\/wp\/v2\/posts\/31086\/revisions"}],"predecessor-version":[{"id":31093,"href":"http:\/\/vocesver.com\/noticias\/wp-json\/wp\/v2\/posts\/31086\/revisions\/31093"}],"wp:featuredmedia":[{"embeddable":true,"href":"http:\/\/vocesver.com\/noticias\/wp-json\/wp\/v2\/media\/31092"}],"wp:attachment":[{"href":"http:\/\/vocesver.com\/noticias\/wp-json\/wp\/v2\/media?parent=31086"}],"wp:term":[{"taxonomy":"category","embeddable":true,"href":"http:\/\/vocesver.com\/noticias\/wp-json\/wp\/v2\/categories?post=31086"},{"taxonomy":"post_tag","embeddable":true,"href":"http:\/\/vocesver.com\/noticias\/wp-json\/wp\/v2\/tags?post=31086"}],"curies":[{"name":"wp","href":"https:\/\/api.w.org\/{rel}","templated":true}]}}