{"id":31080,"date":"2021-10-02T15:25:45","date_gmt":"2021-10-02T15:25:45","guid":{"rendered":"http:\/\/vocesver.com\/noticias\/?p=31080"},"modified":"2021-10-02T15:25:46","modified_gmt":"2021-10-02T15:25:46","slug":"del-4-al-17-de-octubre-veracruz-permanecera-en-semaforo-amarilloss","status":"publish","type":"post","link":"http:\/\/vocesver.com\/noticias\/del-4-al-17-de-octubre-veracruz-permanecera-en-semaforo-amarilloss\/","title":{"rendered":"DEL 4 AL 17 DE OCTUBRE  VERACRUZ PERMANECER\u00c1 EN SEM\u00c1FORO AMARILLO:SS"},"content":{"rendered":"\n<p><br><br>COMUNICADO | Estrategia Estatal contra el coronavirus 01\/10\/2021<br><br><br>REDACCI\u00d3N\/VOCESVER.COM\/NOTICIAS<br><br>Xalapa, Ver.- Al corte de las 19:00 horas  de este viernes, la Secretar\u00eda de Salud (SS) registra 117 mil 705 (+ 247 nuevos) casos confirmados de COVID-19 en la entidad, de 245 mil 262 eventos realizados.<br><br>En cuanto a la incidencia de contagios activos, se consideran positivos mil 445 y sospechosos 565. Gracias al esfuerzo del personal m\u00e9dico han logrado recuperarse 102 mil 703 pacientes y est\u00e1n en vigilancia mil 418.<br><br>La dependencia contabiliza 13 mil 584 (+ 18 nuevos) decesos, reportando 114 mil 454 resultados negativos y 13 mil 103 sospechosos acumulados.<br><br>Sem\u00e1foro de Riesgo Epidemiol\u00f3gico<br><br>Del 04 al 17 de octubre Veracruz permanecer\u00e1 en color amarillo (riesgo medio) del indicador epid\u00e9mico de la Federaci\u00f3n; a nivel estatal qued\u00f3 de la siguiente manera:<br><br>\u2022 Rojo (riesgo m\u00e1ximo): 15 municipios.<br><br>\u2022 Naranja (riesgo alto): 53 municipios.<br><br>\u2022 Amarillo (riesgo medio): 100 municipios.<br><br>\u2022 Verde (riesgo bajo): 44 municipios.<br><br>Plan Nacional de Vacunaci\u00f3n<br><br>El pr\u00f3ximo lunes continuar\u00e1 el suministro de primeras dosis al sector de 18 a 29 a\u00f1os de edad.<br><br>04 y 05 de octubre<br><br>\u00b7      Banderilla.<br><br>\u00b7      Naranjos.<br><br>Del 04 al 06 de octubre<br><br>\u00b7      Catemaco.<br><br>\u00b7      Fort\u00edn.<br><br>\u00b7      Ixtaczoquitl\u00e1n.<br><br>\u00b7      Misantla.<br><br>\u00b7      Pueblo Viejo.<br><br><br>Del 04 al 07 de octubre<br><br>\u00b7      Medell\u00edn.<br><br>\u00b7      Tihuatl\u00e1n.<br><br>Nuevamente, el exhorto es a todos los j\u00f3venes con 18 a\u00f1os cumplidos para que acudan a vacunarse y as\u00ed prevengan cuadros graves por coronavirus; igualmente las mujeres embarazadas, ya que son un grupo de alto riesgo, es decir, que en caso de contagiarse podr\u00edan requerir hospitalizaci\u00f3n e incluso terapia intensiva, con lo cual su vida y la del beb\u00e9 estar\u00edan en peligro.<br><br>Tocante a la inmunizaci\u00f3n contra la influenza, la Secretar\u00eda de Salud federal recorri\u00f3 a noviembre el inicio de la campa\u00f1a, a fin de tener ya protegida a la poblaci\u00f3n en los primeros meses del 2022.<br><br>Consulta el Plan Nacional de Vacunaci\u00f3n y el Sem\u00e1foro Epidemiol\u00f3gico en http:\/\/coronavirus.veracruz.gob.mx. Llama al 800 012 3456 en caso de s\u00edntomas y acude al hospital m\u00e1s cercano por alg\u00fan evento de gravedad.<br><br>Lo que tanto esperabas lleg\u00f3. \u00a1Vac\u00fanate contra el COVID-19!<br>&#8212;<br><br><br><br><br><br><br><br><br><br><br><br><br><br><br><br><br><br><br><br><br><br><br><br><br><br><br><br><br><br><br><br><br><br><br><br><\/p>\n","protected":false},"excerpt":{"rendered":"<p>COMUNICADO | Estrategia Estatal contra el coronavirus 01\/10\/2021 REDACCI\u00d3N\/VOCESVER.COM\/NOTICIAS Xalapa, Ver.- Al corte de las 19:00 horas de este viernes,<\/p>\n","protected":false},"author":2,"featured_media":31087,"comment_status":"open","ping_status":"open","sticky":false,"template":"","format":"standard","meta":{"colormag_page_container_layout":"default_layout","colormag_page_sidebar_layout":"default_layout","footnotes":""},"categories":[2],"tags":[],"class_list":["post-31080","post","type-post","status-publish","format-standard","has-post-thumbnail","hentry","category-infogral"],"_links":{"self":[{"href":"http:\/\/vocesver.com\/noticias\/wp-json\/wp\/v2\/posts\/31080","targetHints":{"allow":["GET"]}}],"collection":[{"href":"http:\/\/vocesver.com\/noticias\/wp-json\/wp\/v2\/posts"}],"about":[{"href":"http:\/\/vocesver.com\/noticias\/wp-json\/wp\/v2\/types\/post"}],"author":[{"embeddable":true,"href":"http:\/\/vocesver.com\/noticias\/wp-json\/wp\/v2\/users\/2"}],"replies":[{"embeddable":true,"href":"http:\/\/vocesver.com\/noticias\/wp-json\/wp\/v2\/comments?post=31080"}],"version-history":[{"count":2,"href":"http:\/\/vocesver.com\/noticias\/wp-json\/wp\/v2\/posts\/31080\/revisions"}],"predecessor-version":[{"id":31088,"href":"http:\/\/vocesver.com\/noticias\/wp-json\/wp\/v2\/posts\/31080\/revisions\/31088"}],"wp:featuredmedia":[{"embeddable":true,"href":"http:\/\/vocesver.com\/noticias\/wp-json\/wp\/v2\/media\/31087"}],"wp:attachment":[{"href":"http:\/\/vocesver.com\/noticias\/wp-json\/wp\/v2\/media?parent=31080"}],"wp:term":[{"taxonomy":"category","embeddable":true,"href":"http:\/\/vocesver.com\/noticias\/wp-json\/wp\/v2\/categories?post=31080"},{"taxonomy":"post_tag","embeddable":true,"href":"http:\/\/vocesver.com\/noticias\/wp-json\/wp\/v2\/tags?post=31080"}],"curies":[{"name":"wp","href":"https:\/\/api.w.org\/{rel}","templated":true}]}}