{"id":31076,"date":"2021-10-02T15:10:04","date_gmt":"2021-10-02T15:10:04","guid":{"rendered":"http:\/\/vocesver.com\/noticias\/?p=31076"},"modified":"2021-10-02T15:13:57","modified_gmt":"2021-10-02T15:13:57","slug":"el-prd-es-de-los-ciudadanos-continuamos-estrechando-vinculos-yolanda-rendon","status":"publish","type":"post","link":"http:\/\/vocesver.com\/noticias\/el-prd-es-de-los-ciudadanos-continuamos-estrechando-vinculos-yolanda-rendon\/","title":{"rendered":"El PRD es de los ciudadanos; continuamos estrechando v\u00ednculos: Yolanda Rend\u00f3n"},"content":{"rendered":"\n<p><br><br>REDACCI\u00d3N\/VOCESVER.COM\/NOTICIAS<br><br>Xalapa Ver., 02 de octubre de 2021.- Continuando con las acciones de acercamiento y vinculaci\u00f3n con la sociedad, integrantes de la Direcci\u00f3n Estatal del PRD Veracruz realizan jornadas de reforzamiento de higiene y salud entre la poblaci\u00f3n, a trav\u00e9s de talleres como el de elaboraci\u00f3n de gel antibacterial.<br><br>Guardando todas las medidas requeridas, por instrucciones del dirigente estatal Sergio Cadena Mart\u00ednez, las brigadas encabezadas por la maestra Yolanda Rend\u00f3n Hern\u00e1ndez, secretaria de comunicaci\u00f3n, recorren puntos de reuni\u00f3n como tianguis y parques de la ciudad para dialogar con las familias a quienes invitan a participar en la capacitaci\u00f3n para la elaboraci\u00f3n gel antibacterial con diferentes caracter\u00edsticas, consistencias y aromas.<br><br>Al respecto, Yolanda Rend\u00f3n se\u00f1al\u00f3 que el partido aborda dos temas trascendentales, como son la prevenci\u00f3n del COVID-19 y el di\u00e1logo con los sectores sociales a los que representa, con el objetivo de mantener actualizadas sus propuestas y no alejarse del sentir ciudadano, que es la base del partido.<br><br>El personal del PRD estatal aporta los materiales necesarios para que las familias que se acercan a elaborar su gel, no requieran m\u00e1s que de la inversi\u00f3n de su tiempo. Asimismo, se ofrecen consejos y medidas generales de cuidados principalmente para evitar contagiarse de COVID-19.<br><br><br><br><br><br><br><br><br><br><br><br><br><br><br><br><br><br><br><br><br><br><br><br><br><br><br><br><br><br><br><br><br><br><br><br><\/p>\n","protected":false},"excerpt":{"rendered":"<p>REDACCI\u00d3N\/VOCESVER.COM\/NOTICIAS Xalapa Ver., 02 de octubre de 2021.- Continuando con las acciones de acercamiento y vinculaci\u00f3n con la sociedad, integrantes<\/p>\n","protected":false},"author":2,"featured_media":31083,"comment_status":"open","ping_status":"open","sticky":false,"template":"","format":"standard","meta":{"colormag_page_container_layout":"default_layout","colormag_page_sidebar_layout":"default_layout","footnotes":""},"categories":[2],"tags":[],"class_list":["post-31076","post","type-post","status-publish","format-standard","has-post-thumbnail","hentry","category-infogral"],"_links":{"self":[{"href":"http:\/\/vocesver.com\/noticias\/wp-json\/wp\/v2\/posts\/31076","targetHints":{"allow":["GET"]}}],"collection":[{"href":"http:\/\/vocesver.com\/noticias\/wp-json\/wp\/v2\/posts"}],"about":[{"href":"http:\/\/vocesver.com\/noticias\/wp-json\/wp\/v2\/types\/post"}],"author":[{"embeddable":true,"href":"http:\/\/vocesver.com\/noticias\/wp-json\/wp\/v2\/users\/2"}],"replies":[{"embeddable":true,"href":"http:\/\/vocesver.com\/noticias\/wp-json\/wp\/v2\/comments?post=31076"}],"version-history":[{"count":3,"href":"http:\/\/vocesver.com\/noticias\/wp-json\/wp\/v2\/posts\/31076\/revisions"}],"predecessor-version":[{"id":31084,"href":"http:\/\/vocesver.com\/noticias\/wp-json\/wp\/v2\/posts\/31076\/revisions\/31084"}],"wp:featuredmedia":[{"embeddable":true,"href":"http:\/\/vocesver.com\/noticias\/wp-json\/wp\/v2\/media\/31083"}],"wp:attachment":[{"href":"http:\/\/vocesver.com\/noticias\/wp-json\/wp\/v2\/media?parent=31076"}],"wp:term":[{"taxonomy":"category","embeddable":true,"href":"http:\/\/vocesver.com\/noticias\/wp-json\/wp\/v2\/categories?post=31076"},{"taxonomy":"post_tag","embeddable":true,"href":"http:\/\/vocesver.com\/noticias\/wp-json\/wp\/v2\/tags?post=31076"}],"curies":[{"name":"wp","href":"https:\/\/api.w.org\/{rel}","templated":true}]}}