{"id":31068,"date":"2021-10-01T19:44:00","date_gmt":"2021-10-01T19:44:00","guid":{"rendered":"http:\/\/vocesver.com\/noticias\/?p=31068"},"modified":"2021-10-01T19:46:18","modified_gmt":"2021-10-01T19:46:18","slug":"situacion-migratoria-tiende-a-regularizarse-ebrard","status":"publish","type":"post","link":"http:\/\/vocesver.com\/noticias\/situacion-migratoria-tiende-a-regularizarse-ebrard\/","title":{"rendered":"Situaci\u00f3n migratoria tiende a regularizarse: Ebrard."},"content":{"rendered":"\n<p><br>Unos 70 migrantes de Hait\u00ed fueron repatriados la semana pasada. Foto Twitter @@INAMI_mx<br><br>REDACCI\u00d3N\/VOCESVER.COM\/NOTICIAS<br><br>NACIONAL.- A 1 DE OCTUBRE 2021.- DE ACUERDO CON INFORMACI\u00d3N  DE MELINA OCHOA\/UNOTV&#8230;&#8230;.La situaci\u00f3n migratoria tiende a regularizarse expres\u00f3 el secretario de Relaciones Exteriores, Marcelo Ebrard Casaub\u00f3n en un encuentro con medios tras participar en la toma de protesta del gobernador de Quer\u00e9taro, Mauricio Kuri.<br><br><br>Reiter\u00f3 que los migrantes haitianos que se trasladaron de Brasil y de Chile a M\u00e9xico fueron motivados por sus dirigentes con la promesa de ingresar sin problemas a los Estados Unidos, situaci\u00f3n que es falsa.<br><br>\u201cLos reportes que tengo del Instituto Nacional de Migraci\u00f3n es que la situaci\u00f3n tiende a regularizarse aunque nuestro problema principal, en las \u00faltimas semanas, fue una movilizaci\u00f3n de personas provenientes de Brasil y Chile\u201d.<br><br>Marcelo Ebrard Casaub\u00f3n<br>Desde hace tres meses, miles de migrantes han partido desde Hait\u00ed en su intento por cruzar a los Estados Unidos para solicitar asilo, ante las precarias condiciones que se viven en su pa\u00eds de origen.<br><br>A tal situaci\u00f3n, el pasado 29 de septiembre, unos 70 migrantes de Hait\u00ed fueron repatriados de forma voluntaria por el Instituto Nacional de Migraci\u00f3n. Del total, 41 eran hombres, 16 mujeres y 13 menores de edad, quienes partieron desde Villahermosa, Tabasco, con rumbo a Puerto Pr\u00edncipe.<br><br><br>@INAMI_mx informa que, en coordinaci\u00f3n con @SRE_mx y @SEGOB_mx se estableci\u00f3 un acuerdo con la Rep\u00fablica de #Hait\u00ed para reiniciar los retornos humanitarios de personas migrantes establecidas en #M\u00e9xico a su pa\u00eds de origen <br><br>&#x27a1;https:\/\/t.co\/uMhuzLDfuJ pic.twitter.com\/8TgOa5RUvp<br><br>\u2014 INM (@INAMI_mx) September 29, 2021<br>\u201cPero fuera de ese no tenemos otra dificultad ahorita\u201d.<br><br>Marcelo Ebrard Casaub\u00f3n<br>Los gobiernos de M\u00e9xico y Hait\u00ed acordaron iniciar el retorno asistido voluntario de personas migrantes que en recientes semanas se encontraban varadas en la Ciudad de M\u00e9xico, Hidalgo, Estado de M\u00e9xico y Tabasco.<br><br><br><br><br><br>INF. DE MELINA 0CHOA\/UNOTV&#8230;..<br><br><br><br><br><br><br><br><br><br><br><br><br><br><br><br><br><br><br><br><br><br><br><br><br><br><br><\/p>\n","protected":false},"excerpt":{"rendered":"<p>Unos 70 migrantes de Hait\u00ed fueron repatriados la semana pasada. Foto Twitter @@INAMI_mx REDACCI\u00d3N\/VOCESVER.COM\/NOTICIAS NACIONAL.- A 1 DE OCTUBRE 2021.-<\/p>\n","protected":false},"author":2,"featured_media":31074,"comment_status":"open","ping_status":"open","sticky":false,"template":"","format":"standard","meta":{"colormag_page_container_layout":"default_layout","colormag_page_sidebar_layout":"default_layout","footnotes":""},"categories":[5],"tags":[],"class_list":["post-31068","post","type-post","status-publish","format-standard","has-post-thumbnail","hentry","category-nacional"],"_links":{"self":[{"href":"http:\/\/vocesver.com\/noticias\/wp-json\/wp\/v2\/posts\/31068","targetHints":{"allow":["GET"]}}],"collection":[{"href":"http:\/\/vocesver.com\/noticias\/wp-json\/wp\/v2\/posts"}],"about":[{"href":"http:\/\/vocesver.com\/noticias\/wp-json\/wp\/v2\/types\/post"}],"author":[{"embeddable":true,"href":"http:\/\/vocesver.com\/noticias\/wp-json\/wp\/v2\/users\/2"}],"replies":[{"embeddable":true,"href":"http:\/\/vocesver.com\/noticias\/wp-json\/wp\/v2\/comments?post=31068"}],"version-history":[{"count":2,"href":"http:\/\/vocesver.com\/noticias\/wp-json\/wp\/v2\/posts\/31068\/revisions"}],"predecessor-version":[{"id":31073,"href":"http:\/\/vocesver.com\/noticias\/wp-json\/wp\/v2\/posts\/31068\/revisions\/31073"}],"wp:featuredmedia":[{"embeddable":true,"href":"http:\/\/vocesver.com\/noticias\/wp-json\/wp\/v2\/media\/31074"}],"wp:attachment":[{"href":"http:\/\/vocesver.com\/noticias\/wp-json\/wp\/v2\/media?parent=31068"}],"wp:term":[{"taxonomy":"category","embeddable":true,"href":"http:\/\/vocesver.com\/noticias\/wp-json\/wp\/v2\/categories?post=31068"},{"taxonomy":"post_tag","embeddable":true,"href":"http:\/\/vocesver.com\/noticias\/wp-json\/wp\/v2\/tags?post=31068"}],"curies":[{"name":"wp","href":"https:\/\/api.w.org\/{rel}","templated":true}]}}