{"id":31056,"date":"2021-10-01T19:04:56","date_gmt":"2021-10-01T19:04:56","guid":{"rendered":"http:\/\/vocesver.com\/noticias\/?p=31056"},"modified":"2021-10-01T19:04:58","modified_gmt":"2021-10-01T19:04:58","slug":"convocan-a-integrar-lista-de-peritos-del-poder-judicial-de-la-federacion","status":"publish","type":"post","link":"http:\/\/vocesver.com\/noticias\/convocan-a-integrar-lista-de-peritos-del-poder-judicial-de-la-federacion\/","title":{"rendered":"Convocan a integrar lista de Peritos del Poder Judicial de la Federaci\u00f3n*"},"content":{"rendered":"\n<p><br><br><br><br><br><br><br><br><br>_*\u2022La Magistrada Presidenta Isabel In\u00e9s Romero Cruz reconoce el talento veracruzano en materia jur\u00eddica y llama a atender la convocatoria del CJF*_<br><br>POR;ALEJANRO MURIETA\/VOCESVER.COM\/NOTICIAS<br><br><br>Xalapa, Ver., A 1 DE OCTUBRE 2021.- En reconocimiento al talento, conocimiento y profesionalismo de veracruzanos especialistas en Derecho, la Magistrada Isabel In\u00e9s Romero Cruz, Presidenta del Tribunal Superior de Justicia y del Consejo de la Judicatura del Estado, hizo un llamado a quienes integran el Poder Judicial, as\u00ed como al p\u00fablico en General, a participar en la convocatoria para integrar la lista de personas que pueden fungir como peritos ante los \u00f3rganos del Poder Judicial de la Federaci\u00f3n correspondiente al a\u00f1o 2022.<br><br>La titular del Poder Judicial de Veracruz, se dijo convencida de que esta invitaci\u00f3n que realiza el Consejo de la Judicatura Federal, responde al reconocimiento del amplio n\u00famero de expertos en materia jur\u00eddica del estado, quienes re\u00fanen el perfil para competir por un espacio.<br><br>La Magistrada Presidenta exhort\u00f3 a los interesados a atender el llamado de la Suprema Corte de Justicia de la Naci\u00f3n para formar parte fundamental como auxiliares en la administraci\u00f3n de justicia para los asuntos en diversos \u00f3rdenes y jurisdicciones, en la funci\u00f3n p\u00fablica de peritaje en los asuntos judiciales, seg\u00fan las diferentes ramas del conocimiento humano.<br><br>El llamado que realiza la Unidad de Peritos Judiciales del Consejo de la Judicatura Federal, a cargo de la Maestra Thal\u00eda Violeta Vel\u00e1zquez L\u00f3pez, se\u00f1ala lo siguiente:<br><br>Me permito hacer una cordial invitaci\u00f3n a la comunidad que integra esa instituci\u00f3n, as\u00ed como al p\u00fablico en general, a efecto de participar en la Convocatoria para integrar la Lista de personas que podr\u00e1n fungir como peritos ante los \u00f3rganos del Poder Judicial de la Federaci\u00f3n, correspondiente al a\u00f1o dos mil veintid\u00f3s, misma que fue publicada en el Diario Oficial de la Federaci\u00f3n el 15 de septiembre del a\u00f1o en curso, la cual puede ser consultada en forma p\u00fablica en la siguiente liga:<br><br>https:\/\/www.dof.gob.mx\/nota_detalle.php?codigo=5630010&amp;fecha=15\/09\/2021, y se encuentra disponible en la p\u00e1gina de internet del Consejo de la Judicatura Federal (www.cjf.gob.mx).<br><br>FECHA DE RECEPCI\u00d3N DE DOCUMENTOS:  del 1 al 15 de octubre de 2021.<br><br>CONSULTA LA CONVOCATORIA Y REQUISITOS EN: www.cjf.gob.mx<br>               <br>Para mayor informaci\u00f3n dirigirse a la Unidad de Peritos Judiciales 5554499500 exts. 3510, 3502 y 3503 o al correo: upj.listaperitos2022@correo.cjf.gob.mx.<br><br><br><br><br><br><br><br><br><br><br><br><br><br><br><br><br><br><br><br><br><br><br><br><br><br><br><br><br><br><br><br><br><br><br><br><br><br><br><br><\/p>\n","protected":false},"excerpt":{"rendered":"<p>_*\u2022La Magistrada Presidenta Isabel In\u00e9s Romero Cruz reconoce el talento veracruzano en materia jur\u00eddica y llama a atender la convocatoria<\/p>\n","protected":false},"author":2,"featured_media":31061,"comment_status":"open","ping_status":"open","sticky":false,"template":"","format":"standard","meta":{"colormag_page_container_layout":"default_layout","colormag_page_sidebar_layout":"default_layout","footnotes":""},"categories":[2],"tags":[],"class_list":["post-31056","post","type-post","status-publish","format-standard","has-post-thumbnail","hentry","category-infogral"],"_links":{"self":[{"href":"http:\/\/vocesver.com\/noticias\/wp-json\/wp\/v2\/posts\/31056","targetHints":{"allow":["GET"]}}],"collection":[{"href":"http:\/\/vocesver.com\/noticias\/wp-json\/wp\/v2\/posts"}],"about":[{"href":"http:\/\/vocesver.com\/noticias\/wp-json\/wp\/v2\/types\/post"}],"author":[{"embeddable":true,"href":"http:\/\/vocesver.com\/noticias\/wp-json\/wp\/v2\/users\/2"}],"replies":[{"embeddable":true,"href":"http:\/\/vocesver.com\/noticias\/wp-json\/wp\/v2\/comments?post=31056"}],"version-history":[{"count":2,"href":"http:\/\/vocesver.com\/noticias\/wp-json\/wp\/v2\/posts\/31056\/revisions"}],"predecessor-version":[{"id":31062,"href":"http:\/\/vocesver.com\/noticias\/wp-json\/wp\/v2\/posts\/31056\/revisions\/31062"}],"wp:featuredmedia":[{"embeddable":true,"href":"http:\/\/vocesver.com\/noticias\/wp-json\/wp\/v2\/media\/31061"}],"wp:attachment":[{"href":"http:\/\/vocesver.com\/noticias\/wp-json\/wp\/v2\/media?parent=31056"}],"wp:term":[{"taxonomy":"category","embeddable":true,"href":"http:\/\/vocesver.com\/noticias\/wp-json\/wp\/v2\/categories?post=31056"},{"taxonomy":"post_tag","embeddable":true,"href":"http:\/\/vocesver.com\/noticias\/wp-json\/wp\/v2\/tags?post=31056"}],"curies":[{"name":"wp","href":"https:\/\/api.w.org\/{rel}","templated":true}]}}