{"id":30993,"date":"2021-09-27T18:42:37","date_gmt":"2021-09-27T18:42:37","guid":{"rendered":"http:\/\/vocesver.com\/noticias\/?p=30993"},"modified":"2021-09-27T18:42:44","modified_gmt":"2021-09-27T18:42:44","slug":"por-el-refuerzo-biden-recibira-este-lunes-su-tercera-dosis-de-la-vacuna-contra-covid-19","status":"publish","type":"post","link":"http:\/\/vocesver.com\/noticias\/por-el-refuerzo-biden-recibira-este-lunes-su-tercera-dosis-de-la-vacuna-contra-covid-19\/","title":{"rendered":"\u00a1Por el refuerzo! Biden recibir\u00e1 este lunes su tercera dosis de la vacuna contra COVID-19"},"content":{"rendered":"\n<p><br>Las autoridades de salud de EU recomendaron la tercera dosis de la vacuna anticovid de Pfizer. Foto: AFP<br><br><br>REDACCI\u00d3N\/VOCESVER.COM\/NOTICIAS<br><br>INTERNACIONAL. A 27 DE SEPTIEMBRE 2021.- DE ACUERDO A INFORMACI\u00d3N DE AGENCIA\/AFP&#8230;.Joe Biden, presidente de Estados Unidos, recibir\u00e1 su tercera dosis de la vacuna contra el COVID-19, as\u00ed lo dio a conocer la Casa Blanca.<br><br><br>Biden, de 78 a\u00f1os, recibir\u00e1 \u201cuna vacuna de refuerzo contra el COVID-19\u201d de acuerdo con las pautas sanitarias estadounidenses.<br><br>Biden recibi\u00f3 su primera dosis de la vacuna anticovid de la farmac\u00e9utica Pfizer el 21 de diciembre pasado y una segunda el 11 de enero, cuando todav\u00eda era presidente electo. En ambos casos, lo hizo frente a las c\u00e1maras de televisi\u00f3n para animar a la gente a vacunarse.<br><br>Las autoridades de salud de Estados Unidos recomendaron la tercera dosis de la vacuna anticovid de Pfizer para tres categor\u00edas de personas:<br><br><br>Mayores de 65 a\u00f1os<br>Personas de 18 a 64 a\u00f1os con una afecci\u00f3n m\u00e9dica subyacente, como diabetes u obesidad<br>Aquellas especialmente expuestas al virus debido a su trabajo o al lugar donde viven<br>Esta \u00faltima categor\u00eda, que es muy amplia, incluye a profesores y maestros, empleados de supermercados, personas que trabajan en el sector de la salud, presos y residentes en albergues para personas sin hogar.<br><br>Estadounidenses podr\u00edan recibir refuerzo de estas vacunas<br>Aproximadamente 60 millones de personas en Estados Unidos son elegibles para una dosis de refuerzo de la vacuna de Pfizer, dijo Biden la semana pasada.<br><br>Se\u00f1al\u00f3 adem\u00e1s que las personas que se aplicaron las vacunas de las farmac\u00e9uticas Moderna o Johnson &amp; Johnson (J&amp;J), podr\u00edan recibir inyecciones de refuerzo una vez que se completaran los estudios, y dijo que esperaba que todos los estadounidenses fueran elegibles \u201cen el corto plazo\u201d.<br><br>Asimismo, los Centros para el Control y la Prevenci\u00f3n de Enfermedades (CDC), la principal agencia federal de salud p\u00fablica, afirmaron que los datos sobre las vacunas de refuerzo de Moderna y J&amp;J ser\u00edan evaluados \u201cen las pr\u00f3ximas semanas\u201d.<br><br><br><br>INF. DE AGENCIA\/AFP&#8230;..<br><br><br><br><br><br><br><br><br><br><br><br><br><br><br><br><br><br><br><br><br><br><br><br><br><br><br><br><\/p>\n","protected":false},"excerpt":{"rendered":"<p>Las autoridades de salud de EU recomendaron la tercera dosis de la vacuna anticovid de Pfizer. Foto: AFP REDACCI\u00d3N\/VOCESVER.COM\/NOTICIAS INTERNACIONAL.<\/p>\n","protected":false},"author":2,"featured_media":30998,"comment_status":"open","ping_status":"open","sticky":false,"template":"","format":"standard","meta":{"colormag_page_container_layout":"default_layout","colormag_page_sidebar_layout":"default_layout","footnotes":""},"categories":[6],"tags":[],"class_list":["post-30993","post","type-post","status-publish","format-standard","has-post-thumbnail","hentry","category-internacional"],"_links":{"self":[{"href":"http:\/\/vocesver.com\/noticias\/wp-json\/wp\/v2\/posts\/30993","targetHints":{"allow":["GET"]}}],"collection":[{"href":"http:\/\/vocesver.com\/noticias\/wp-json\/wp\/v2\/posts"}],"about":[{"href":"http:\/\/vocesver.com\/noticias\/wp-json\/wp\/v2\/types\/post"}],"author":[{"embeddable":true,"href":"http:\/\/vocesver.com\/noticias\/wp-json\/wp\/v2\/users\/2"}],"replies":[{"embeddable":true,"href":"http:\/\/vocesver.com\/noticias\/wp-json\/wp\/v2\/comments?post=30993"}],"version-history":[{"count":2,"href":"http:\/\/vocesver.com\/noticias\/wp-json\/wp\/v2\/posts\/30993\/revisions"}],"predecessor-version":[{"id":30999,"href":"http:\/\/vocesver.com\/noticias\/wp-json\/wp\/v2\/posts\/30993\/revisions\/30999"}],"wp:featuredmedia":[{"embeddable":true,"href":"http:\/\/vocesver.com\/noticias\/wp-json\/wp\/v2\/media\/30998"}],"wp:attachment":[{"href":"http:\/\/vocesver.com\/noticias\/wp-json\/wp\/v2\/media?parent=30993"}],"wp:term":[{"taxonomy":"category","embeddable":true,"href":"http:\/\/vocesver.com\/noticias\/wp-json\/wp\/v2\/categories?post=30993"},{"taxonomy":"post_tag","embeddable":true,"href":"http:\/\/vocesver.com\/noticias\/wp-json\/wp\/v2\/tags?post=30993"}],"curies":[{"name":"wp","href":"https:\/\/api.w.org\/{rel}","templated":true}]}}