{"id":30989,"date":"2021-09-27T18:34:33","date_gmt":"2021-09-27T18:34:33","guid":{"rendered":"http:\/\/vocesver.com\/noticias\/?p=30989"},"modified":"2021-09-27T18:34:35","modified_gmt":"2021-09-27T18:34:35","slug":"jacky-garcia-acusa-a-tato-vega-de-violencia-politica-de-genero-y-lo-responsabiliza-de-acciones-en-su-contra","status":"publish","type":"post","link":"http:\/\/vocesver.com\/noticias\/jacky-garcia-acusa-a-tato-vega-de-violencia-politica-de-genero-y-lo-responsabiliza-de-acciones-en-su-contra\/","title":{"rendered":"Jacky Garc\u00eda acusa a Tato Vega de violencia pol\u00edtica de g\u00e9nero y lo responsabiliza de acciones en su contra."},"content":{"rendered":"\n<p><br><br>REDACCI\u00d3N\/VOCESVER.COM\/NOTICIAS<br><br>Boca del R\u00edo, Ver., 27 de septiembre 2021.- La presidenta del partido Fuerza por M\u00e9xico en Veracruz, Jaqueline Garc\u00eda Hern\u00e1ndez, asegur\u00f3 que est\u00e1 siendo v\u00edctima de violencia pol\u00edtica de g\u00e9nero desde el interior del instituto.<br><br>Acus\u00f3 que ha sido objeto de varios atentados en su contra porque la quieren bajar del lugar donde se encuentra, afirm\u00f3 que los intereses pol\u00edticos de algunos actores al interior del partido ya est\u00e1n llegando demasiado lejos.<br><br>\u201cS\u00ed tengo miedo, me han dicho muchas cosas, me han pasado muchas cosas, balearon mi camioneta yendo mi hija y mi mam\u00e1 conmigo, han intentado entrar a la casa\u201d, indic\u00f3.<br><br>Responsabiliz\u00f3 directamente a Tato Vega Yunes, excandidato a la diputaci\u00f3n federal y expresidente del partido y a Pedro Haces Barba, l\u00edder sindical de la CATEM, de cualquier atentado contra ella o contra su familia.<br><br>\u201cS\u00e9 que no estoy sola y quiero decirles a todos aquellos que est\u00e1n luchando por sus intereses, que hoy m\u00e1s que nunca s\u00ed tengo miedo por ella (refiri\u00e9ndose a su hija), pero todo lo que le suceda a mi familia ser\u00e1s t\u00fa Tato Vega, Pedro Haces en el que recaiga todo\u201d, indic\u00f3.<br><br>Al hacerse escuchar durante el conversatorio \u201cNo + Violencia Pol\u00edtica de G\u00e9nero\u201d en el que participaron cerca de cien mujeres provenientes del sur: Coatzacoalcos y Minatitl\u00e1n, de la zona centro: C\u00f3rdoba y Orizaba y la zona conurbada Veracruz-Boca del R\u00edo, la dirigente del partido denunci\u00f3 que es una v\u00edctima m\u00e1s de intereses que la perjudican por su condici\u00f3n de mujer.<br><br>\u201cQuiero pedirles que en verdad luchemos juntas porque como lo dijo Edith, una mujer sola es invisible pero muchas mujeres juntas somos invencibles\u201d, manifest\u00f3 frente a las presentes.<br><br>En este tenor, Jacky Garc\u00eda expres\u00f3 que estos actos no la intimidar\u00e1n y que buscar\u00e1 seguir luchando por el partido a pesar de los obst\u00e1culos que le ponen en su camino los dos personajes que acusa estar\u00edan esforz\u00e1ndose por quitarla del cargo.<br><br>\u201cLo hago por mi hija, yo tengo que demostrarle que su mam\u00e1 no es una agachachona, que su mam\u00e1 puede tener miedo, pero ese miedo que te empodera y que saca adelante, que te dice no m\u00e1s violencia pol\u00edtica de g\u00e9nero, si hoy yo me dejo, a ella el d\u00eda de ma\u00f1ana no la va a dejar llegar\u201d, se\u00f1al\u00f3.<br><br>Jaqueline Garc\u00eda Hern\u00e1ndez, contin\u00faa siendo la presidenta del partido a pesar de las intenciones de Tato Vega por recuperar la dirigencia, y asegur\u00f3 que no est\u00e1 sola en esta lucha, pues las mismas mujeres y hombres que integran el partido; as\u00ed como, su familia son quienes la respaldan.<br><br><br>&#8212;<br><br><br><br><br><br><br><br><br><br><br><br><br><br><br><br><br><br><br><br><br><br><br><br><\/p>\n","protected":false},"excerpt":{"rendered":"<p>REDACCI\u00d3N\/VOCESVER.COM\/NOTICIAS Boca del R\u00edo, Ver., 27 de septiembre 2021.- La presidenta del partido Fuerza por M\u00e9xico en Veracruz, Jaqueline Garc\u00eda<\/p>\n","protected":false},"author":2,"featured_media":30994,"comment_status":"open","ping_status":"open","sticky":false,"template":"","format":"standard","meta":{"colormag_page_container_layout":"default_layout","colormag_page_sidebar_layout":"default_layout","footnotes":""},"categories":[2],"tags":[],"class_list":["post-30989","post","type-post","status-publish","format-standard","has-post-thumbnail","hentry","category-infogral"],"_links":{"self":[{"href":"http:\/\/vocesver.com\/noticias\/wp-json\/wp\/v2\/posts\/30989","targetHints":{"allow":["GET"]}}],"collection":[{"href":"http:\/\/vocesver.com\/noticias\/wp-json\/wp\/v2\/posts"}],"about":[{"href":"http:\/\/vocesver.com\/noticias\/wp-json\/wp\/v2\/types\/post"}],"author":[{"embeddable":true,"href":"http:\/\/vocesver.com\/noticias\/wp-json\/wp\/v2\/users\/2"}],"replies":[{"embeddable":true,"href":"http:\/\/vocesver.com\/noticias\/wp-json\/wp\/v2\/comments?post=30989"}],"version-history":[{"count":2,"href":"http:\/\/vocesver.com\/noticias\/wp-json\/wp\/v2\/posts\/30989\/revisions"}],"predecessor-version":[{"id":30995,"href":"http:\/\/vocesver.com\/noticias\/wp-json\/wp\/v2\/posts\/30989\/revisions\/30995"}],"wp:featuredmedia":[{"embeddable":true,"href":"http:\/\/vocesver.com\/noticias\/wp-json\/wp\/v2\/media\/30994"}],"wp:attachment":[{"href":"http:\/\/vocesver.com\/noticias\/wp-json\/wp\/v2\/media?parent=30989"}],"wp:term":[{"taxonomy":"category","embeddable":true,"href":"http:\/\/vocesver.com\/noticias\/wp-json\/wp\/v2\/categories?post=30989"},{"taxonomy":"post_tag","embeddable":true,"href":"http:\/\/vocesver.com\/noticias\/wp-json\/wp\/v2\/tags?post=30989"}],"curies":[{"name":"wp","href":"https:\/\/api.w.org\/{rel}","templated":true}]}}