{"id":30969,"date":"2021-09-24T15:53:51","date_gmt":"2021-09-24T15:53:51","guid":{"rendered":"http:\/\/vocesver.com\/noticias\/?p=30969"},"modified":"2021-09-24T15:56:10","modified_gmt":"2021-09-24T15:56:10","slug":"plan-de-vacunacion-contra-covid-19-para-menores-de-edad-iniciara-el-1-de-octubre","status":"publish","type":"post","link":"http:\/\/vocesver.com\/noticias\/plan-de-vacunacion-contra-covid-19-para-menores-de-edad-iniciara-el-1-de-octubre\/","title":{"rendered":"Plan de Vacunaci\u00f3n contra COVID-19 para menores de edad iniciar\u00e1 el 1 de octubre"},"content":{"rendered":"\n<p>L\u00f3pez-Gatell anuncia vacunaci\u00f3n en ni\u00f1os y adolescentes el 1 de octubre. Foto: Cuartoscuro \/ Archivo<br><\/p>\n\n\n\n<p>REDACCI\u00d3N\/VOCESVER.COM\/NOTICIAS<br><br>NACIONAL.- A 24 DE OCTUBRE 2021.- DE ACUERDO CON INFORMACI\u00d3N DE UNOTV.COM&#8230;..El subsecretario de Salud, Hugo L\u00f3pez-Gatell, precis\u00f3 que el pr\u00f3ximo 1 de octubre iniciar\u00e1 el Plan Nacional de Vacunaci\u00f3n contra COVID-19 para menores de edad con enfermedades cr\u00f3nicas.<br><br>Dijo en la conferencia ma\u00f1anera que el laboratorio Pfizer Biotech es la \u00fanica vacuna para ni\u00f1os y adolescentes autorizada para aplicarse en M\u00e9xico, ya que es eficaz y segura.<br><br>\u201cNo se descarte que otras compa\u00f1\u00edas farmace\u00faticas presenten su expedientes y demuestren que sus vacunas puedes ser usadas en ni\u00f1os y ni\u00f1as\u201d.<br><br>Hugo L\u00f3pez-Gatell, subsecretario de Salud.<br>Criterios para vacunaci\u00f3n COVID en ni\u00f1os<br>Indic\u00f3 que en la estrategia de la vacunaci\u00f3n en ni\u00f1os y adolescentes entre 12 y 17 a\u00f1os se contemplan tres criterios como:<br><br>Edad<br>Comorbilidades<br>La normalizaci\u00f3n de la vida p\u00fablica como la vacunaci\u00f3n de las autoridades educativas<br><br><br>Indic\u00f3 que en la iniciaci\u00f3n para vacunar a ni\u00f1os y adolescentes se centrar\u00e1 en atender a aquellos con comorbilidades asociadas a mayor riesgo de COVID-19 grave, hospitalizaciones y defunciones inmunosupresi\u00f3n, enfermedad pulmonar grave<br><br><br>Hugo L\u00f3pez-Gatell estim\u00f3 que esta estrategia se inicie con 750 mil y un mill\u00f3n 500 ni\u00f1os y j\u00f3venes y recalc\u00f3 que hay que terminar la vacunaci\u00f3n en personas adultas y considerarla en quienes padecen enfermedades cr\u00f3nicas, aun cuando sean menores de edad.<br><br>Detall\u00f3 que las comorbilidades que ser\u00e1n priorizadas en la estrategia se encuentran la inmunosupresi\u00f3n, enfermedad pulmoinar grave, afecciones de ri\u00f1\u00f3n, h\u00edgado y sistema digestivo, enfermedad neurol\u00f3gica cr\u00f3nica, cardiovasculares y end\u00f3crinas, as\u00ed como anomal\u00edas gen\u00e9ticas y enbarazo adolescente.<br><br>INF. DE UNOTV.COM<br><br><br><br><br><br><br><br><br><br><br><br><br><br><br><br><br><br><br><br><br><br><br><br><br><br><br><br><br><br><br><br><br><br><br><br><br><br><\/p>\n","protected":false},"excerpt":{"rendered":"<p>L\u00f3pez-Gatell anuncia vacunaci\u00f3n en ni\u00f1os y adolescentes el 1 de octubre. Foto: Cuartoscuro \/ Archivo REDACCI\u00d3N\/VOCESVER.COM\/NOTICIAS NACIONAL.- A 24 DE<\/p>\n","protected":false},"author":2,"featured_media":30975,"comment_status":"open","ping_status":"open","sticky":false,"template":"","format":"standard","meta":{"colormag_page_container_layout":"default_layout","colormag_page_sidebar_layout":"default_layout","footnotes":""},"categories":[1],"tags":[],"class_list":["post-30969","post","type-post","status-publish","format-standard","has-post-thumbnail","hentry","category-sin-categoria"],"_links":{"self":[{"href":"http:\/\/vocesver.com\/noticias\/wp-json\/wp\/v2\/posts\/30969","targetHints":{"allow":["GET"]}}],"collection":[{"href":"http:\/\/vocesver.com\/noticias\/wp-json\/wp\/v2\/posts"}],"about":[{"href":"http:\/\/vocesver.com\/noticias\/wp-json\/wp\/v2\/types\/post"}],"author":[{"embeddable":true,"href":"http:\/\/vocesver.com\/noticias\/wp-json\/wp\/v2\/users\/2"}],"replies":[{"embeddable":true,"href":"http:\/\/vocesver.com\/noticias\/wp-json\/wp\/v2\/comments?post=30969"}],"version-history":[{"count":2,"href":"http:\/\/vocesver.com\/noticias\/wp-json\/wp\/v2\/posts\/30969\/revisions"}],"predecessor-version":[{"id":30974,"href":"http:\/\/vocesver.com\/noticias\/wp-json\/wp\/v2\/posts\/30969\/revisions\/30974"}],"wp:featuredmedia":[{"embeddable":true,"href":"http:\/\/vocesver.com\/noticias\/wp-json\/wp\/v2\/media\/30975"}],"wp:attachment":[{"href":"http:\/\/vocesver.com\/noticias\/wp-json\/wp\/v2\/media?parent=30969"}],"wp:term":[{"taxonomy":"category","embeddable":true,"href":"http:\/\/vocesver.com\/noticias\/wp-json\/wp\/v2\/categories?post=30969"},{"taxonomy":"post_tag","embeddable":true,"href":"http:\/\/vocesver.com\/noticias\/wp-json\/wp\/v2\/tags?post=30969"}],"curies":[{"name":"wp","href":"https:\/\/api.w.org\/{rel}","templated":true}]}}