{"id":30958,"date":"2021-09-24T15:31:13","date_gmt":"2021-09-24T15:31:13","guid":{"rendered":"http:\/\/vocesver.com\/noticias\/?p=30958"},"modified":"2021-09-24T15:42:32","modified_gmt":"2021-09-24T15:42:32","slug":"libertad-y-no-autoritarismo-legado-independentista-que-debemos-honrar-prd","status":"publish","type":"post","link":"http:\/\/vocesver.com\/noticias\/libertad-y-no-autoritarismo-legado-independentista-que-debemos-honrar-prd\/","title":{"rendered":"Libertad y no autoritarismo, legado independentista que debemos honrar: PRD"},"content":{"rendered":"\n<p><br><br><br>-Encabeza Sergio Cadena Mart\u00ednez guardia de honor a Miguel Hidalgo y Costilla<br><br><br>REDACCI\u00d3N\/VOCESVER.COM\/NOTICIAS<br><br>Xalapa Ver., 24 de septiembre de 2021. El Partido de la Revoluci\u00f3n Democr\u00e1tica tiene claro que nos encontramos en un momento hist\u00f3rico, en el que debemos rescatar la grandeza de Veracruz; construir y no destruir, sumar fuerzas y no dividir a la sociedad que demanda soluciones y no agresiones se\u00f1al\u00f3 el dirigente estatal, Sergio Cadena Mart\u00ednez, en el marco de las guardias de honor con motivo de la conmemoraci\u00f3n de la Independencia de M\u00e9xico.<br><br>\u201cHoy Veracruz enfrenta diferentes crisis y retos, de los que trascender\u00e1 solo con la unidad y la voluntad de reconocer que la riqueza de Veracruz y de nuestro pa\u00eds est\u00e1 en la pluralidad pol\u00edtica, as\u00ed como en la diversidad de ideas y expresiones que reflejan la fuerza y naturaleza de un pueblo noble y trabajador\u201d, apunt\u00f3 en su mensaje.<br><br>Cadena Mart\u00ednez destac\u00f3 que a 211 a\u00f1os del inicio del movimiento de independencia y 200 a\u00f1os de su consumaci\u00f3n, se honra la memoria de aquellos que so\u00f1aron con un M\u00e9xico justo y con igualdad de oportunidades.<br><br>\u201cRendimos tributo a quienes combatieron por la libertad y nos dieron patria. Pero tambi\u00e9n, rendimos un tributo a quienes con su trabajo, esfuerzo, lucha y entrega, han sido defensores de la democracia y voces contra el autoritarismo, en apego a los ideales de independencia que nuestros h\u00e9roes dejaron como legado. Hoy nos corresponde a todos seguir luchando por el ideal libertario, por la equidad y la justicia que en nuestros tiempos son parte esencial de la democracia\u201d detall\u00f3.<br><br>Agreg\u00f3 que los h\u00e9roes que hoy honramos nos mostraron el valor de convocar a un pueblo que se une por causas comunes, dejando enconos y confrontaciones para otros tiempos. \u201cUnidad para crecer y trascender es la lecci\u00f3n de nuestra historia\u201d.<br><br>El l\u00edder del partido del sol azteca destac\u00f3 que el gran reto como sociedad es levantarnos y recuperar las fuerzas para resurgir y escribir los nuevos cap\u00edtulos de la historia, con los logros y el orgullo del pueblo veracruzano, que unido, reconstruir\u00e1 su presente y su futuro. <br><br>\u201cLos tiempos cambian, enfrentamos una pandemia que ha influido y afectado directamente la econom\u00eda nacional, generando pobreza y fracturando el desarrollo de nuestra sociedad. De la misma manera, ha sido la raz\u00f3n de problemas sociales que deben atenderse con el mismo valor y sacrificio para recuperar la armon\u00eda social\u201d, declar\u00f3.<br><br>Por ello hizo un llamado al gobierno del estado para que atienda la solicitud de vacunas a los ni\u00f1os menores de edad, que se cumpla con la obligaci\u00f3n de brindarles salud y bienestar y que no tenga que ser a trav\u00e9s de la tramitaci\u00f3n de amparos como se obligue al sector salud a atenderlos.<br><br><br><br><br><br><br><br><br><br><br><br><br><br><br><br><br><br><br><br><br><br><br><br><br><br><br><br><br><br><br><br><br><br><br><br><\/p>\n","protected":false},"excerpt":{"rendered":"<p>-Encabeza Sergio Cadena Mart\u00ednez guardia de honor a Miguel Hidalgo y Costilla REDACCI\u00d3N\/VOCESVER.COM\/NOTICIAS Xalapa Ver., 24 de septiembre de 2021.<\/p>\n","protected":false},"author":2,"featured_media":30971,"comment_status":"open","ping_status":"open","sticky":false,"template":"","format":"standard","meta":{"colormag_page_container_layout":"default_layout","colormag_page_sidebar_layout":"default_layout","footnotes":""},"categories":[4],"tags":[],"class_list":["post-30958","post","type-post","status-publish","format-standard","has-post-thumbnail","hentry","category-estatal"],"_links":{"self":[{"href":"http:\/\/vocesver.com\/noticias\/wp-json\/wp\/v2\/posts\/30958","targetHints":{"allow":["GET"]}}],"collection":[{"href":"http:\/\/vocesver.com\/noticias\/wp-json\/wp\/v2\/posts"}],"about":[{"href":"http:\/\/vocesver.com\/noticias\/wp-json\/wp\/v2\/types\/post"}],"author":[{"embeddable":true,"href":"http:\/\/vocesver.com\/noticias\/wp-json\/wp\/v2\/users\/2"}],"replies":[{"embeddable":true,"href":"http:\/\/vocesver.com\/noticias\/wp-json\/wp\/v2\/comments?post=30958"}],"version-history":[{"count":2,"href":"http:\/\/vocesver.com\/noticias\/wp-json\/wp\/v2\/posts\/30958\/revisions"}],"predecessor-version":[{"id":30970,"href":"http:\/\/vocesver.com\/noticias\/wp-json\/wp\/v2\/posts\/30958\/revisions\/30970"}],"wp:featuredmedia":[{"embeddable":true,"href":"http:\/\/vocesver.com\/noticias\/wp-json\/wp\/v2\/media\/30971"}],"wp:attachment":[{"href":"http:\/\/vocesver.com\/noticias\/wp-json\/wp\/v2\/media?parent=30958"}],"wp:term":[{"taxonomy":"category","embeddable":true,"href":"http:\/\/vocesver.com\/noticias\/wp-json\/wp\/v2\/categories?post=30958"},{"taxonomy":"post_tag","embeddable":true,"href":"http:\/\/vocesver.com\/noticias\/wp-json\/wp\/v2\/tags?post=30958"}],"curies":[{"name":"wp","href":"https:\/\/api.w.org\/{rel}","templated":true}]}}