{"id":30930,"date":"2021-09-22T15:50:47","date_gmt":"2021-09-22T15:50:47","guid":{"rendered":"http:\/\/vocesver.com\/noticias\/?p=30930"},"modified":"2021-09-22T15:55:02","modified_gmt":"2021-09-22T15:55:02","slug":"verde-es-segunda-fuerza-politica-en-municipios-y-con-legisladores-comprometidos-carlos-marcelo-ruiz","status":"publish","type":"post","link":"http:\/\/vocesver.com\/noticias\/verde-es-segunda-fuerza-politica-en-municipios-y-con-legisladores-comprometidos-carlos-marcelo-ruiz\/","title":{"rendered":"Verde es segunda fuerza pol\u00edtica en municipios y con Legisladores comprometidos: Carlos Marcelo Ruiz"},"content":{"rendered":"\n<p><br><br><br>REDACCI\u00d3N\/VOCESVER.COM\/NOTICIAS<br><br>Xalapa, Ver., 21 de Septiembre 2021.- El Partido Verde responde a Veracruz y a M\u00e9xico desde gobiernos municipales, legisladores locales y federales emanados de sus filas, que asumen la responsabilidad com\u00fan del progreso, libertad y democracia, asegur\u00f3 el Presidente del Comit\u00e9 Ejecutivo Estatal, Carlos Marcelo Ruiz S\u00e1nchez.<br><br>Al encabezar la Guardia de Honor a Don Miguel Hidalgo y Costilla del Comit\u00e9 Ejecutivo Estatal, el dirigente sostuvo que el Partido Verde se consolid\u00f3 como factor de unidad y buen gobierno dentro del marco jur\u00eddico y la institucionalidad con el Gobierno de Veracruz y de la Rep\u00fablica dentro del r\u00e9gimen de la transformaci\u00f3n, en alianza con la sociedad.<br><br>\u201cHoy festejamos, la gran decisi\u00f3n y valent\u00eda de personas como Don Miguel Hidalgo y Costilla para iniciar y fraguar el movimiento libertador, que fue consolidado en 1821 con la firma de los Tratados de C\u00f3rdoba, mismo que dio origen a nuestra gran naci\u00f3n, al MEXICO independiente\u201d, sostuvo.<br><br>Se\u00f1al\u00f3 que como resultado de 211 a\u00f1os de Independencia, M\u00e9xico es una naci\u00f3n aut\u00f3noma, democr\u00e1tica, de libertades y oportunidades, \u201cnuestro Partido cuenta mujeres y hombres comprometidos con las causas sociales en 15 municipios, 16 sindicaturas y 38 regidur\u00edas, adem\u00e1s de la diputada local Andrea Yunes Yunes y desde el pasado 1 de septiembre con cuatro diputados federales que trabajan por Veracruz y por M\u00e9xico.<br><br>Destac\u00f3 que la aceptaci\u00f3n del Partido Verde por los veracruzanos es creciente y en la \u00faltima elecci\u00f3n local, los ciudadanos decidieron por las mujeres y hombres postuladas por el Verde en 31 de los 212 municipios y en la pr\u00f3xima Legislatura se contar\u00e1 con Grupo Legislativo con cuatro legisladores locales, \u201csomos segunda fuerza pol\u00edtica en los municipios que ser\u00e1n gobernados por el Verde y con m\u00e1s mujeres al frente de alcald\u00edas\u201d.<br><br>\u201cEl Partido Verde finca su participaci\u00f3n pol\u00edtica en las causas sociales, desde nuestro origen somos un partido vanguardista e incluyente por eso la aceptaci\u00f3n y el reconocimiento de nuestro Comit\u00e9 Ejecutivo Nacional que nombr\u00f3 a nuestro Delegado Nacional, Javier Herrera Borunda como Secretario de Organizaci\u00f3n\u201d, dijo.<br><br>Ruiz S\u00e1nchez, hizo un llamado a la sociedad a participar en la diaria construcci\u00f3n de un M\u00e9xico mejor, \u201cnuestros enemigos son los flagelos al medio ambiente y los recursos naturales, la pobreza, el hambre, la falta de educaci\u00f3n y de oportunidades, es por eso que desde nuestra trinchera Legislativa y Ejecutiva cumplimos con sentido nacionalista para ese M\u00e9xico que anhelamos\u201d.<br><br><br><br><br><br><br><br><br><br><br><br><br><br><br><br><br><br><br><br><br><br><br><br><br><br><br><\/p>\n","protected":false},"excerpt":{"rendered":"<p>REDACCI\u00d3N\/VOCESVER.COM\/NOTICIAS Xalapa, Ver., 21 de Septiembre 2021.- El Partido Verde responde a Veracruz y a M\u00e9xico desde gobiernos municipales, legisladores<\/p>\n","protected":false},"author":2,"featured_media":30938,"comment_status":"open","ping_status":"open","sticky":false,"template":"","format":"standard","meta":{"colormag_page_container_layout":"default_layout","colormag_page_sidebar_layout":"default_layout","footnotes":""},"categories":[4],"tags":[],"class_list":["post-30930","post","type-post","status-publish","format-standard","has-post-thumbnail","hentry","category-estatal"],"_links":{"self":[{"href":"http:\/\/vocesver.com\/noticias\/wp-json\/wp\/v2\/posts\/30930","targetHints":{"allow":["GET"]}}],"collection":[{"href":"http:\/\/vocesver.com\/noticias\/wp-json\/wp\/v2\/posts"}],"about":[{"href":"http:\/\/vocesver.com\/noticias\/wp-json\/wp\/v2\/types\/post"}],"author":[{"embeddable":true,"href":"http:\/\/vocesver.com\/noticias\/wp-json\/wp\/v2\/users\/2"}],"replies":[{"embeddable":true,"href":"http:\/\/vocesver.com\/noticias\/wp-json\/wp\/v2\/comments?post=30930"}],"version-history":[{"count":2,"href":"http:\/\/vocesver.com\/noticias\/wp-json\/wp\/v2\/posts\/30930\/revisions"}],"predecessor-version":[{"id":30937,"href":"http:\/\/vocesver.com\/noticias\/wp-json\/wp\/v2\/posts\/30930\/revisions\/30937"}],"wp:featuredmedia":[{"embeddable":true,"href":"http:\/\/vocesver.com\/noticias\/wp-json\/wp\/v2\/media\/30938"}],"wp:attachment":[{"href":"http:\/\/vocesver.com\/noticias\/wp-json\/wp\/v2\/media?parent=30930"}],"wp:term":[{"taxonomy":"category","embeddable":true,"href":"http:\/\/vocesver.com\/noticias\/wp-json\/wp\/v2\/categories?post=30930"},{"taxonomy":"post_tag","embeddable":true,"href":"http:\/\/vocesver.com\/noticias\/wp-json\/wp\/v2\/tags?post=30930"}],"curies":[{"name":"wp","href":"https:\/\/api.w.org\/{rel}","templated":true}]}}