{"id":30918,"date":"2021-09-20T19:03:43","date_gmt":"2021-09-20T19:03:43","guid":{"rendered":"http:\/\/vocesver.com\/noticias\/?p=30918"},"modified":"2021-09-20T19:07:36","modified_gmt":"2021-09-20T19:07:36","slug":"moci-encabeza-protesta-simbolica-en-contra-del-grupo-mas-en-alrededores-del-palacio-municipal","status":"publish","type":"post","link":"http:\/\/vocesver.com\/noticias\/moci-encabeza-protesta-simbolica-en-contra-del-grupo-mas-en-alrededores-del-palacio-municipal\/","title":{"rendered":"MOCI ENCABEZA PROTESTA SIMB\u00d3LICA EN CONTRA DEL GRUPO MAS EN ALREDEDORES DEL PALACIO MUNICIPAL."},"content":{"rendered":"<p>POR:ALEJANDRO MURRIETA\/VOCESVER.COM\/NOTICIAS<\/p>\n<p>PIE DE FOTO.- A 20 DE SEPTIEMBRE 2021.La ma\u00f1ana de este lunes integrantes del MOCI encabezados por su representante Oliver Olmos Cabrera realizan marcha simb\u00f3lica en los alrededores del Palacio Municipal en protesta por las altas tarifas del agua,que \u00e9stas se modfiquen en beneficio del pueblo y que el Gobierno Federa que encabeza el morenista Andr\u00e9s Manuel L\u00f3pez Obrador ordene una requisa a las instalaciones del Grupo MAS por estar \u00abtimando\u00bb a los usuarios de manera descarada y por dem\u00e1s arbitraria. Foto Alejandro MURRIETA&#8230;&#8230;<\/p>\n","protected":false},"excerpt":{"rendered":"<p>POR:ALEJANDRO MURRIETA\/VOCESVER.COM\/NOTICIAS PIE DE FOTO.- A 20 DE SEPTIEMBRE 2021.La ma\u00f1ana de este lunes integrantes del MOCI encabezados por su<\/p>\n","protected":false},"author":2,"featured_media":30920,"comment_status":"open","ping_status":"open","sticky":false,"template":"","format":"standard","meta":{"colormag_page_container_layout":"default_layout","colormag_page_sidebar_layout":"default_layout","footnotes":""},"categories":[2],"tags":[],"class_list":["post-30918","post","type-post","status-publish","format-standard","has-post-thumbnail","hentry","category-infogral"],"_links":{"self":[{"href":"http:\/\/vocesver.com\/noticias\/wp-json\/wp\/v2\/posts\/30918","targetHints":{"allow":["GET"]}}],"collection":[{"href":"http:\/\/vocesver.com\/noticias\/wp-json\/wp\/v2\/posts"}],"about":[{"href":"http:\/\/vocesver.com\/noticias\/wp-json\/wp\/v2\/types\/post"}],"author":[{"embeddable":true,"href":"http:\/\/vocesver.com\/noticias\/wp-json\/wp\/v2\/users\/2"}],"replies":[{"embeddable":true,"href":"http:\/\/vocesver.com\/noticias\/wp-json\/wp\/v2\/comments?post=30918"}],"version-history":[{"count":2,"href":"http:\/\/vocesver.com\/noticias\/wp-json\/wp\/v2\/posts\/30918\/revisions"}],"predecessor-version":[{"id":30922,"href":"http:\/\/vocesver.com\/noticias\/wp-json\/wp\/v2\/posts\/30918\/revisions\/30922"}],"wp:featuredmedia":[{"embeddable":true,"href":"http:\/\/vocesver.com\/noticias\/wp-json\/wp\/v2\/media\/30920"}],"wp:attachment":[{"href":"http:\/\/vocesver.com\/noticias\/wp-json\/wp\/v2\/media?parent=30918"}],"wp:term":[{"taxonomy":"category","embeddable":true,"href":"http:\/\/vocesver.com\/noticias\/wp-json\/wp\/v2\/categories?post=30918"},{"taxonomy":"post_tag","embeddable":true,"href":"http:\/\/vocesver.com\/noticias\/wp-json\/wp\/v2\/tags?post=30918"}],"curies":[{"name":"wp","href":"https:\/\/api.w.org\/{rel}","templated":true}]}}