{"id":30915,"date":"2021-09-20T16:13:30","date_gmt":"2021-09-20T16:13:30","guid":{"rendered":"http:\/\/vocesver.com\/noticias\/?p=30915"},"modified":"2021-09-20T16:13:37","modified_gmt":"2021-09-20T16:13:37","slug":"un-estudiante-mata-al-menos-8-personas-en-tiroteo-en-rusia","status":"publish","type":"post","link":"http:\/\/vocesver.com\/noticias\/un-estudiante-mata-al-menos-8-personas-en-tiroteo-en-rusia\/","title":{"rendered":"Un estudiante mata al menos 8 personas en tiroteo en Rusia."},"content":{"rendered":"<p>El presidente de Rusia, Vladimir Putin lo ha denunciado como un fen\u00f3meno importado de Estado Unidos. FOTO: GettyImages\/Ilustrativa<\/p>\n<p>REDACCI\u00d3N\/VOCESVER.COM\/NOTICIAS<\/p>\n<p>INTERNACIONAL.- A 20 DE SEPTIEMBRE 2021.- DE ACUERDO CON INFORMACI\u00d3N DE AGENCIAS\/RUSIA\/AFP&#8230;Un estudiante mat\u00f3 a al menos 8 personas en un tiroteo este lunes en un campus universitario de Perm, en los Urales, antes de ser herido y detenido, inform\u00f3 el Comit\u00e9 de Investigaci\u00f3n ruso.<br \/>\n\u201cUn estudiante que se encontraba en uno de los edificios de la universidad (\u2026) ha abierto fuego contra la gente a su alrededor\u201c, indic\u00f3 en un comunicado este \u00f3rgano encargado de las investigaciones m\u00e1s importantes del pa\u00eds.<\/p>\n<p>\u201cComo consecuencia, ocho personas han muerto y varias han sido heridas\u201d, a\u00f1adi\u00f3 el comit\u00e9, se\u00f1alando que el n\u00famero de v\u00edctimas \u201ca\u00fan se est\u00e1 determinando\u201d.<\/p>\n<p>El autor result\u00f3 \u201cherido durante su detenci\u00f3n dado que opon\u00eda resistencia\u201d, indic\u00f3 tambi\u00e9n el comit\u00e9, que no dio informaciones de inmediato sobre el m\u00f3vil del tirador.<br \/>\nSeg\u00fan el ministerio de Sanidad, citado por las agencias de noticias rusas, al menos 24 personas resultaron heridas, 19 de ellas por disparos.<\/p>\n<p>Los incidentes armados de este tipo han aumentado en Rusia en los \u00faltimos a\u00f1os y han llevado a un endurecimiento de la legislaci\u00f3n sobre el uso de armas.<\/p>\n<p>En videos publicados en redes sociales, se ve a estudiantes que huyen del tiroteo y saltan por las ventanas de la primera planta de un edificio de la universidad. <\/p>\n<p>Otra grabaci\u00f3n, tomada desde una ventana, muestra a un individuo vestido todo de negro que abre fuego y se dirige hacia la entrada del edificio.<\/p>\n<p>El asaltante, cuya identidad fue establecida, pero no desvelada, entr\u00f3 en el campus sobre las 11:00 horas tiempo local, seg\u00fan el servicio de prensa de la universidad.<\/p>\n<p>Un fen\u00f3meno en auge<br \/>\nEl portavoz de la presidencia rusa, Dmitri Peskov, indic\u00f3 que Vladimir Putin, actualmente en cuarentena por un brote de covid en el Kremlin, estaba informado del suceso.<\/p>\n<p>\u201cEl presidente expresa sus profundas condolencias a aquellos que perdieron a familiares y allegados en este incidente\u201d.<\/p>\n<p>Dmitri Peskov, portavoz de la presidencia rusa<br \/>\nEl primer ministro Mija\u00edl Mishustin, as\u00ed como los ministros de Sanidad y Educaci\u00f3n, fueron enviados a Perm, seg\u00fan las agencias rusas.<\/p>\n<p>El drama ocurri\u00f3 un d\u00eda despu\u00e9s de las elecciones legislativas ganadas por el partido del Kremlin, Rusia Unida, salpicadas por acusaciones de fraude.<\/p>\n<p>Los tiroteos en escuelas o universidades eran raros en Rusia, donde el control de armas era estricto, pero son m\u00e1s frecuentes en los \u00faltimos a\u00f1os.<\/p>\n<p>El presidente Vladimir Putin lo ha denunciado como un fen\u00f3meno importado de Estado Unidos y un efecto perverso de la globalizaci\u00f3n.<\/p>\n<p>El \u00faltimo suceso de este tipo fue el 11 de mayo de 2021, cuando un joven de 19 a\u00f1os abri\u00f3 fuego en su antigua escuela de Kaz\u00e1n y mat\u00f3 a nueve personas. <\/p>\n<p>Ese mismo d\u00eda, Putin orden\u00f3 revisar la normativa respecto a la autorizaci\u00f3n para llevar armas, dado que el autor del ataque ten\u00eda permiso para usar un arma semiautom\u00e1tica.<\/p>\n<p>En octubre de 2018, un estudiante mat\u00f3 a 19 personas antes de suicidarse en un instituto de Kerch, una ciudad en la pen\u00ednsula ucraniana de Crimea que Rusia anexion\u00f3 en 2014. <\/p>\n<p>Las autoridades aseguran haber desmantelado estos \u00faltimos a\u00f1os decenas de planes para atacar centros educativos, normalmente por parte de adolescentes.<\/p>\n<p>En febrero de 2020, los servicios de seguridad detuvieron a dos j\u00f3venes, nacidos en 2005 y de nacionalidad rusa, que eran muy activos en diferentes sitios web haciendo apolog\u00eda del asesinato y el suicidio.<\/p>\n<p>Seg\u00fan los investigadores, estaban planificando atacar un centro escolar en Sar\u00e1tov, a orillas del Volga.<\/p>\n<p>INF. DE AGENCIAS\/RUSIA\/AFP&#8230;<\/p>\n","protected":false},"excerpt":{"rendered":"<p>El presidente de Rusia, Vladimir Putin lo ha denunciado como un fen\u00f3meno importado de Estado Unidos. FOTO: GettyImages\/Ilustrativa REDACCI\u00d3N\/VOCESVER.COM\/NOTICIAS INTERNACIONAL.-<\/p>\n","protected":false},"author":2,"featured_media":30916,"comment_status":"open","ping_status":"open","sticky":false,"template":"","format":"standard","meta":{"colormag_page_container_layout":"default_layout","colormag_page_sidebar_layout":"default_layout","footnotes":""},"categories":[6],"tags":[],"class_list":["post-30915","post","type-post","status-publish","format-standard","has-post-thumbnail","hentry","category-internacional"],"_links":{"self":[{"href":"http:\/\/vocesver.com\/noticias\/wp-json\/wp\/v2\/posts\/30915","targetHints":{"allow":["GET"]}}],"collection":[{"href":"http:\/\/vocesver.com\/noticias\/wp-json\/wp\/v2\/posts"}],"about":[{"href":"http:\/\/vocesver.com\/noticias\/wp-json\/wp\/v2\/types\/post"}],"author":[{"embeddable":true,"href":"http:\/\/vocesver.com\/noticias\/wp-json\/wp\/v2\/users\/2"}],"replies":[{"embeddable":true,"href":"http:\/\/vocesver.com\/noticias\/wp-json\/wp\/v2\/comments?post=30915"}],"version-history":[{"count":1,"href":"http:\/\/vocesver.com\/noticias\/wp-json\/wp\/v2\/posts\/30915\/revisions"}],"predecessor-version":[{"id":30917,"href":"http:\/\/vocesver.com\/noticias\/wp-json\/wp\/v2\/posts\/30915\/revisions\/30917"}],"wp:featuredmedia":[{"embeddable":true,"href":"http:\/\/vocesver.com\/noticias\/wp-json\/wp\/v2\/media\/30916"}],"wp:attachment":[{"href":"http:\/\/vocesver.com\/noticias\/wp-json\/wp\/v2\/media?parent=30915"}],"wp:term":[{"taxonomy":"category","embeddable":true,"href":"http:\/\/vocesver.com\/noticias\/wp-json\/wp\/v2\/categories?post=30915"},{"taxonomy":"post_tag","embeddable":true,"href":"http:\/\/vocesver.com\/noticias\/wp-json\/wp\/v2\/tags?post=30915"}],"curies":[{"name":"wp","href":"https:\/\/api.w.org\/{rel}","templated":true}]}}