{"id":30903,"date":"2021-09-20T15:41:26","date_gmt":"2021-09-20T15:41:26","guid":{"rendered":"http:\/\/vocesver.com\/noticias\/?p=30903"},"modified":"2021-09-20T15:43:41","modified_gmt":"2021-09-20T15:43:41","slug":"uv-y-apiver-desarrollan-programa-para-instalacion-de-arrecifes-artificiales-en-veracruz","status":"publish","type":"post","link":"http:\/\/vocesver.com\/noticias\/uv-y-apiver-desarrollan-programa-para-instalacion-de-arrecifes-artificiales-en-veracruz\/","title":{"rendered":"UV y APIVER desarrollan programa para instalaci\u00f3n de arrecifes artificiales en Veracruz."},"content":{"rendered":"<p>AUSENCIO RIVERA\/VOCSVER.COM\/NOTICIAS<\/p>\n<p>VERACRUZ,VER.&#8212;A 20 DE SEPTIEMBRE 2021.&#8212;-Se realiza prueba piloto de estructuras arrecifales artificiales en costas veracruzanas, como parte de las acciones de rehabilitaci\u00f3n y amortiguamiento ecol\u00f3gico, que la Universidad Veracruzana (UV), en convenio con la Administraci\u00f3n Portuaria Integral de Veracruz (APIVER), lleva a cabo, a trav\u00e9s del Programa Zona Arrecifal 35, para dar cumplimiento a las medidas de mitigaci\u00f3n 31, del Manifiesto de Impacto Ambiental, de la ampliaci\u00f3n del Puerto de Veracruz.<\/p>\n<p>\u201cLas acciones de la primera etapa de este programa, iniciaron en julio del 2020 y est\u00e1n por terminar en \u00e9ste mes de septiembre, luego de haber realizado estudios oceanogr\u00e1ficos, caracterizaci\u00f3n de sitios e instalaci\u00f3n de 50 estructuras de arrecifes artificiales tipo Reef Ball\u201d, asegur\u00f3 el maestro Alejandro Mu\u00f1oz Aldape, Superintendente del programa Zona Arrecifal 35, quien agreg\u00f3 que tambi\u00e9n se est\u00e1 implementando un programa dirigido a pescadores con charlas y talleres de arrecifes artificiales y viveros de coral, impartidos por expertos en la materia; as\u00ed mismo, un foro en el cual se pretende el intercambio de opiniones entre la academia, dependencias gubernamentales, APIVER y los mismos pescadores, en busca de repercutir en beneficio de la pesca artesanal y el turismo de mar en Veracruz.<\/p>\n<p>Las estructuras Reef Ball, que se comenzaron a instalar en el litoral veracruzano, en \u00e1reas se\u00f1aladas por la Comisi\u00f3n Nacional de \u00c1reas Naturales Protegidas (CONANP), tienen la finalidad de robustecer y a su vez, disminuir la presi\u00f3n antropog\u00e9nica hacia arrecifes naturales, obteniendo beneficios como son el aumento de la producci\u00f3n pesquera y el desarrollo de zonas de buceo y snorkel. Estas esferas huecas de concreto especial, no son da\u00f1inas al medio ambiente y pueden durar hasta 500 a\u00f1os; se transportan y colocan en el fondo marino, con lo cual se genera un h\u00e1bitat especial para peces y corales, ya que su dise\u00f1o imita un arrecife natural y facilita la colonizaci\u00f3n por diversas especies marinas.<\/p>\n<p>Con la segunda y tercera etapa del Programa Zona Arrecifal 35, se pretende la colocaci\u00f3n de m\u00e1s estructuras de este tipo en 35 hect\u00e1reas, para beneficio de los usuarios de las costas veracruzanas y que servir\u00e1n como zona de rehabilitaci\u00f3n y amortiguamiento ecol\u00f3gico. Adem\u00e1s, coment\u00f3 el maestro Mu\u00f1oz Aldape que, con la colaboraci\u00f3n de acad\u00e9micos del \u00e1rea t\u00e9cnica y artes de la UV, se busca instalar estructuras con dise\u00f1o propio para promover el turismo. Las caracter\u00edsticas principales de dichas estructuras sumergibles deber\u00e1n ser sustentables, seguras estables y resistentes a tormentas tropicales y huracanes.<\/p>\n<p>En lugares como Jap\u00f3n, Puerto Rico, Rep\u00fablica Dominicana, Estados Unidos y Europa, acciones similares han resultado muy exitosas, en M\u00e9xico tambi\u00e9n se han vertido dichas estructuras en distintas regiones, pero carecen de evaluaciones que confirmen su efectividad, ya que no se cuenta con un monitoreo constante y a largo plazo, raz\u00f3n por la cual la primera etapa del Programa Zona Arrecifal 35 se enfoc\u00f3 a realizar estudios oceanogr\u00e1ficos y caracterizaci\u00f3n de sitios.<\/p>\n<p>Cabe mencionar que, con este tipo de actividades la Universidad Veracruzana, a trav\u00e9s del \u00c1rea Acad\u00e9mica Biol\u00f3gico-Agropecuaria, utiliza la ciencia y la tecnolog\u00eda aplicada a problem\u00e1ticas sociales y ambientales, vincul\u00e1ndose con el sector empresarial y desarrollando actividades de formaci\u00f3n acad\u00e9mica para los estudiantes universitarios, adem\u00e1s de generar actividades de divulgaci\u00f3n de la ciencia dirigida a la sociedad veracruzana en general.<\/p>\n","protected":false},"excerpt":{"rendered":"<p>AUSENCIO RIVERA\/VOCSVER.COM\/NOTICIAS VERACRUZ,VER.&#8212;A 20 DE SEPTIEMBRE 2021.&#8212;-Se realiza prueba piloto de estructuras arrecifales artificiales en costas veracruzanas, como parte de<\/p>\n","protected":false},"author":2,"featured_media":30905,"comment_status":"open","ping_status":"open","sticky":false,"template":"","format":"standard","meta":{"colormag_page_container_layout":"default_layout","colormag_page_sidebar_layout":"default_layout","footnotes":""},"categories":[2],"tags":[],"class_list":["post-30903","post","type-post","status-publish","format-standard","has-post-thumbnail","hentry","category-infogral"],"_links":{"self":[{"href":"http:\/\/vocesver.com\/noticias\/wp-json\/wp\/v2\/posts\/30903","targetHints":{"allow":["GET"]}}],"collection":[{"href":"http:\/\/vocesver.com\/noticias\/wp-json\/wp\/v2\/posts"}],"about":[{"href":"http:\/\/vocesver.com\/noticias\/wp-json\/wp\/v2\/types\/post"}],"author":[{"embeddable":true,"href":"http:\/\/vocesver.com\/noticias\/wp-json\/wp\/v2\/users\/2"}],"replies":[{"embeddable":true,"href":"http:\/\/vocesver.com\/noticias\/wp-json\/wp\/v2\/comments?post=30903"}],"version-history":[{"count":1,"href":"http:\/\/vocesver.com\/noticias\/wp-json\/wp\/v2\/posts\/30903\/revisions"}],"predecessor-version":[{"id":30904,"href":"http:\/\/vocesver.com\/noticias\/wp-json\/wp\/v2\/posts\/30903\/revisions\/30904"}],"wp:featuredmedia":[{"embeddable":true,"href":"http:\/\/vocesver.com\/noticias\/wp-json\/wp\/v2\/media\/30905"}],"wp:attachment":[{"href":"http:\/\/vocesver.com\/noticias\/wp-json\/wp\/v2\/media?parent=30903"}],"wp:term":[{"taxonomy":"category","embeddable":true,"href":"http:\/\/vocesver.com\/noticias\/wp-json\/wp\/v2\/categories?post=30903"},{"taxonomy":"post_tag","embeddable":true,"href":"http:\/\/vocesver.com\/noticias\/wp-json\/wp\/v2\/tags?post=30903"}],"curies":[{"name":"wp","href":"https:\/\/api.w.org\/{rel}","templated":true}]}}